{"id":158535,"date":"2020-01-20T14:53:51","date_gmt":"2020-01-20T18:53:51","guid":{"rendered":"https:\/\/elluchador.info\/web\/?p=158535"},"modified":"2020-01-20T14:44:13","modified_gmt":"2020-01-20T18:44:13","slug":"estados-unidos-y-colombia-realizaran-ejercicio-militar-conjunto","status":"publish","type":"post","link":"https:\/\/elluchador.info\/?p=158535","title":{"rendered":"Estados Unidos y Colombia realizar\u00e1n ejercicio militar conjunto"},"content":{"rendered":"\n<p>M\u00e1s de un centenar de militares estadounidenses, entre ellos 75 paracaidistas, realizar\u00e1n el pr\u00f3ximo 29 de enero un ejercicio a\u00e9reo de recuperaci\u00f3n de un aer\u00f3dromo en Colombia junto con sus pares colombianos, inform\u00f3 este lunes el Comando Sur de Estados Unidos (Southcom).<\/p>\n\n\n\n<p>\u00abEste ejercicio aerotransportado demuestra la interoperabilidad, la letalidad y la profesionalidad de nuestros ej\u00e9rcitos\u00bb, expres\u00f3 en un comunicado Craig Faller, comandante del Comando Sur de Estados Unidos, que se reuni\u00f3 la semana pasada en Colombia con el presidente Iv\u00e1n Duque.<\/p>\n\n\n\n<p>El Comando Sur, responsable de las Fuerzas Armadas estadounidenses en Latinoam\u00e9rica y el Caribe, precis\u00f3 que en el ejercicio participar\u00e1n unos 75 paracaidistas de la 82 Divisi\u00f3n Aerotransportada en Fort Bragg (Carolina del Norte), y 40 miembros del Ej\u00e9rcito estadounidense del sur del pa\u00eds.<\/p>\n\n\n\n<p>Los oficiales llegar\u00e1n a Colombia el pr\u00f3ximo jueves 23 de enero para participar en el llamado Asalto Aerotransportado.<\/p>\n\n\n\n<p><strong>Uni\u00f3n radio<\/strong><\/p>\n","protected":false},"excerpt":{"rendered":"<p>M\u00e1s de un centenar de militares estadounidenses, entre ellos 75 paracaidistas, realizar\u00e1n el pr\u00f3ximo 29 de enero un ejercicio a\u00e9reo de recuperaci\u00f3n de un aer\u00f3dromo en Colombia junto con sus pares colombianos, inform\u00f3 este lunes el Comando Sur de Estados Unidos (Southcom). \u00abEste ejercicio aerotransportado demuestra la interoperabilidad, la letalidad y la profesionalidad de nuestros [&hellip;]<\/p>\n","protected":false},"author":2,"featured_media":158539,"comment_status":"closed","ping_status":"closed","sticky":false,"template":"","format":"standard","meta":{"footnotes":""},"categories":[5,8],"tags":[],"class_list":{"0":"post-158535","1":"post","2":"type-post","3":"status-publish","4":"format-standard","5":"has-post-thumbnail","7":"category-destacado","8":"category-internacionales"},"_links":{"self":[{"href":"https:\/\/elluchador.info\/index.php?rest_route=\/wp\/v2\/posts\/158535","targetHints":{"allow":["GET"]}}],"collection":[{"href":"https:\/\/elluchador.info\/index.php?rest_route=\/wp\/v2\/posts"}],"about":[{"href":"https:\/\/elluchador.info\/index.php?rest_route=\/wp\/v2\/types\/post"}],"author":[{"embeddable":true,"href":"https:\/\/elluchador.info\/index.php?rest_route=\/wp\/v2\/users\/2"}],"replies":[{"embeddable":true,"href":"https:\/\/elluchador.info\/index.php?rest_route=%2Fwp%2Fv2%2Fcomments&post=158535"}],"version-history":[{"count":1,"href":"https:\/\/elluchador.info\/index.php?rest_route=\/wp\/v2\/posts\/158535\/revisions"}],"predecessor-version":[{"id":158540,"href":"https:\/\/elluchador.info\/index.php?rest_route=\/wp\/v2\/posts\/158535\/revisions\/158540"}],"wp:featuredmedia":[{"embeddable":true,"href":"https:\/\/elluchador.info\/index.php?rest_route=\/wp\/v2\/media\/158539"}],"wp:attachment":[{"href":"https:\/\/elluchador.info\/index.php?rest_route=%2Fwp%2Fv2%2Fmedia&parent=158535"}],"wp:term":[{"taxonomy":"category","embeddable":true,"href":"https:\/\/elluchador.info\/index.php?rest_route=%2Fwp%2Fv2%2Fcategories&post=158535"},{"taxonomy":"post_tag","embeddable":true,"href":"https:\/\/elluchador.info\/index.php?rest_route=%2Fwp%2Fv2%2Ftags&post=158535"}],"curies":[{"name":"wp","href":"https:\/\/api.w.org\/{rel}","templated":true}]}}