{"id":158597,"date":"2020-01-21T11:10:51","date_gmt":"2020-01-21T15:10:51","guid":{"rendered":"https:\/\/elluchador.info\/web\/?p=158597"},"modified":"2020-01-21T10:59:09","modified_gmt":"2020-01-21T14:59:09","slug":"guaido-se-reunio-con-el-ministro-de-exteriores-de-reino-unido","status":"publish","type":"post","link":"https:\/\/elluchador.info\/?p=158597","title":{"rendered":"Guaid\u00f3 se reuni\u00f3 con el ministro de Exteriores de Reino Unido"},"content":{"rendered":"\n<p>Juan Guaid\u00f3, lleg\u00f3 este martes a\nla Canciller\u00eda de Reino Unido para mantener una reuni\u00f3n con el ministro de\nrelaciones Exteriores, Dominic Raab.<\/p>\n\n\n\n<p>La informaci\u00f3n fue dada a conocer\npor un centro de informaci\u00f3n afecto a Guaido quien m\u00e1s temprano inform\u00f3 que el\ntambi\u00e9n presidente de la Asamblea nacional se reunir\u00e1 con los migrantes\nvenezolanos en Inglaterra y con representantes del gobierno brit\u00e1nico.<\/p>\n\n\n\n<p>El parlamentario sali\u00f3 del pa\u00eds\ndurante el fin de semana y lleg\u00f3 a Colombia el domingo en horas de la tarde,\nsiendo esta la segunda vez que desaf\u00eda la prohibici\u00f3n de salir de Venezuela,\ndictada por Nicol\u00e1s Maduro. La primera vez fue hace poco menos de un a\u00f1o cuando\nintent\u00f3 desde Colombia ingresar al pa\u00eds ayuda humanitaria desde la frontera\ncolombiana.<\/p>\n\n\n\n<p>Por su parte, el gobierno de Iv\u00e1n\nDuque recibi\u00f3 el domingo con honores al parlamentario venezolano y el lunes\nparticip\u00f3 en la III Conferencia Ministerial Hemisf\u00e9rica de la Lucha contra el\nTerrorismo que se realiz\u00f3 en Bogot\u00e1.<\/p>\n\n\n\n<p>Para este martes tambi\u00e9n se espera que Guaid\u00f3 se re\u00fana con el primer ministro del Reino Unido, Boris Johnson, y participe en la reuni\u00f3n anual del Foro Econ\u00f3mico Mundial de Davos que celebrar\u00e1 en Suiza.<\/p>\n\n\n\n<p><strong>Elnacional.com<\/strong><\/p>\n","protected":false},"excerpt":{"rendered":"<p>Juan Guaid\u00f3, lleg\u00f3 este martes a la Canciller\u00eda de Reino Unido para mantener una reuni\u00f3n con el ministro de relaciones Exteriores, Dominic Raab. La informaci\u00f3n fue dada a conocer por un centro de informaci\u00f3n afecto a Guaido quien m\u00e1s temprano inform\u00f3 que el tambi\u00e9n presidente de la Asamblea nacional se reunir\u00e1 con los migrantes venezolanos [&hellip;]<\/p>\n","protected":false},"author":2,"featured_media":158598,"comment_status":"closed","ping_status":"closed","sticky":false,"template":"","format":"standard","meta":{"footnotes":""},"categories":[8,9],"tags":[],"class_list":{"0":"post-158597","1":"post","2":"type-post","3":"status-publish","4":"format-standard","5":"has-post-thumbnail","7":"category-internacionales","8":"category-nacionales"},"_links":{"self":[{"href":"https:\/\/elluchador.info\/index.php?rest_route=\/wp\/v2\/posts\/158597","targetHints":{"allow":["GET"]}}],"collection":[{"href":"https:\/\/elluchador.info\/index.php?rest_route=\/wp\/v2\/posts"}],"about":[{"href":"https:\/\/elluchador.info\/index.php?rest_route=\/wp\/v2\/types\/post"}],"author":[{"embeddable":true,"href":"https:\/\/elluchador.info\/index.php?rest_route=\/wp\/v2\/users\/2"}],"replies":[{"embeddable":true,"href":"https:\/\/elluchador.info\/index.php?rest_route=%2Fwp%2Fv2%2Fcomments&post=158597"}],"version-history":[{"count":1,"href":"https:\/\/elluchador.info\/index.php?rest_route=\/wp\/v2\/posts\/158597\/revisions"}],"predecessor-version":[{"id":158599,"href":"https:\/\/elluchador.info\/index.php?rest_route=\/wp\/v2\/posts\/158597\/revisions\/158599"}],"wp:featuredmedia":[{"embeddable":true,"href":"https:\/\/elluchador.info\/index.php?rest_route=\/wp\/v2\/media\/158598"}],"wp:attachment":[{"href":"https:\/\/elluchador.info\/index.php?rest_route=%2Fwp%2Fv2%2Fmedia&parent=158597"}],"wp:term":[{"taxonomy":"category","embeddable":true,"href":"https:\/\/elluchador.info\/index.php?rest_route=%2Fwp%2Fv2%2Fcategories&post=158597"},{"taxonomy":"post_tag","embeddable":true,"href":"https:\/\/elluchador.info\/index.php?rest_route=%2Fwp%2Fv2%2Ftags&post=158597"}],"curies":[{"name":"wp","href":"https:\/\/api.w.org\/{rel}","templated":true}]}}