{"id":159108,"date":"2020-01-26T04:00:10","date_gmt":"2020-01-26T08:00:10","guid":{"rendered":"https:\/\/elluchador.info\/web\/?p=159108"},"modified":"2020-01-25T15:13:48","modified_gmt":"2020-01-25T19:13:48","slug":"exitosa-mesa-tecnica-de-trabajo-en-el-municipio-heres-por-la-paz-y-la-vida","status":"publish","type":"post","link":"https:\/\/elluchador.info\/?p=159108","title":{"rendered":"Exitosa mesa t\u00e9cnica de trabajo en el municipio Heres por la Paz y la Vida"},"content":{"rendered":"\n<p>Con\nla finalidad de impulsar y promover el frente preventivo en el estado Bol\u00edvar, este\nviernes 24 de enero, se instal\u00f3 en el municipio Heres una mesa de trabajo\npermanente para consolidar y unificar las agendas de trabajo preventivas, correspondiente\na la Gran Misi\u00f3n Cuadrantes de Paz, v\u00e9rtice N0 1 relacionada con la Vida y la\nPaz.<\/p>\n\n\n\n<p>La\nactividad se realiz\u00f3 en el sala Jara Colmenares ubicada en el casco hist\u00f3rico\nde Ciudad Bol\u00edvar, con la participaci\u00f3n de servidores p\u00fablicos de la Direcci\u00f3n\nde Prevenci\u00f3n del Delito (DPD), Servicio Nacional Para el Desarme (SENADES),\nOficina Nacional Contra la Delincuencia Organizada y Financiamiento al Terrorismo\n(ONCDOFT), Instituto Aut\u00f3nomo Consejo Nacional de Ni\u00f1os, Ni\u00f1as y Adolescentes\n(IDENNA), Consejo Municipal de Derechos del Ni\u00f1o, Ni\u00f1a y Adolescente (CMDNNA),\nOficina Nacional Antidrogas (ONA), Ministerio Para la Mujer (MINMUJER),\nInstituto \u201cMam\u00e1 Rosa\u201d, Consejo General de Polic\u00eda y la Universidad Nacional\nExperimental de la Seguridad (UNES-Bol\u00edvar).<\/p>\n\n\n\n<p>La organizaci\u00f3n\nde &nbsp;dichas mesas de trabajo recay\u00f3 en la\nlicenciada Elsys Uzc\u00e1tegui, Amada Rojas e In\u00e9s Basto, adscritas a la\ncoordinaci\u00f3n municipal de la Direcci\u00f3n de Prevenci\u00f3n del Delito, quienes\nagradecieron a las instituciones presentes por su asistencia y el apoyo\nmanifestado, &nbsp;invit\u00e1ndolos a la formaci\u00f3n\npreventiva y la socializaci\u00f3n de conocimientos para la convivencia en beneficio\ndel poder popular, como eje principal de lo concerniente con el Frente\nPreventivo por la Paz y la Vida.<\/p>\n\n\n\n<p>Por\nsu parte, el Ing. Peter Hern\u00e1ndez, coordinador del Frente Preventivo de la\nUNES-Bol\u00edvar, refiri\u00f3 la importancia en cuanto a la unidad y articulaci\u00f3n de\nlas instituciones presentes, relacionadas con la materia de la seguridad,\naspirando que este programa vaya dirigido por el fortalecimiento y cumplimiento\nde la 1era y 2da l\u00ednea estrat\u00e9gica de las siete anunciadas por el presidente\nobrero Nicol\u00e1s Maduro Moros, referente a la consolidaci\u00f3n de la paz, al\nfortalecimiento y la expansi\u00f3n de la estabilidad pol\u00edtica del pa\u00eds, la defensa\nde la Patria y la seguridad ciudadana dentro de la nueva etapa para el a\u00f1o\n2020. (Roger Sarmiento)<\/p>\n","protected":false},"excerpt":{"rendered":"<p>Con la finalidad de impulsar y promover el frente preventivo en el estado Bol\u00edvar, este viernes 24 de enero, se instal\u00f3 en el municipio Heres una mesa de trabajo permanente para consolidar y unificar las agendas de trabajo preventivas, correspondiente a la Gran Misi\u00f3n Cuadrantes de Paz, v\u00e9rtice N0 1 relacionada con la Vida y [&hellip;]<\/p>\n","protected":false},"author":2,"featured_media":159109,"comment_status":"closed","ping_status":"closed","sticky":false,"template":"","format":"standard","meta":{"footnotes":""},"categories":[12],"tags":[],"class_list":{"0":"post-159108","1":"post","2":"type-post","3":"status-publish","4":"format-standard","5":"has-post-thumbnail","7":"category-regionales"},"_links":{"self":[{"href":"https:\/\/elluchador.info\/index.php?rest_route=\/wp\/v2\/posts\/159108","targetHints":{"allow":["GET"]}}],"collection":[{"href":"https:\/\/elluchador.info\/index.php?rest_route=\/wp\/v2\/posts"}],"about":[{"href":"https:\/\/elluchador.info\/index.php?rest_route=\/wp\/v2\/types\/post"}],"author":[{"embeddable":true,"href":"https:\/\/elluchador.info\/index.php?rest_route=\/wp\/v2\/users\/2"}],"replies":[{"embeddable":true,"href":"https:\/\/elluchador.info\/index.php?rest_route=%2Fwp%2Fv2%2Fcomments&post=159108"}],"version-history":[{"count":1,"href":"https:\/\/elluchador.info\/index.php?rest_route=\/wp\/v2\/posts\/159108\/revisions"}],"predecessor-version":[{"id":159110,"href":"https:\/\/elluchador.info\/index.php?rest_route=\/wp\/v2\/posts\/159108\/revisions\/159110"}],"wp:featuredmedia":[{"embeddable":true,"href":"https:\/\/elluchador.info\/index.php?rest_route=\/wp\/v2\/media\/159109"}],"wp:attachment":[{"href":"https:\/\/elluchador.info\/index.php?rest_route=%2Fwp%2Fv2%2Fmedia&parent=159108"}],"wp:term":[{"taxonomy":"category","embeddable":true,"href":"https:\/\/elluchador.info\/index.php?rest_route=%2Fwp%2Fv2%2Fcategories&post=159108"},{"taxonomy":"post_tag","embeddable":true,"href":"https:\/\/elluchador.info\/index.php?rest_route=%2Fwp%2Fv2%2Ftags&post=159108"}],"curies":[{"name":"wp","href":"https:\/\/api.w.org\/{rel}","templated":true}]}}