{"id":159131,"date":"2020-01-26T07:00:03","date_gmt":"2020-01-26T11:00:03","guid":{"rendered":"https:\/\/elluchador.info\/web\/?p=159131"},"modified":"2020-01-25T15:43:47","modified_gmt":"2020-01-25T19:43:47","slug":"hoy-es-el-dia-mundial-de-la-educacion-ambiental","status":"publish","type":"post","link":"https:\/\/elluchador.info\/?p=159131","title":{"rendered":"Hoy es el D\u00eda Mundial de la Educaci\u00f3n Ambiental"},"content":{"rendered":"\n<p>El 26 de Enero se\ncelebra el \u00abD\u00eda Mundial de la Educaci\u00f3n Ambiental\u00bb, que tiene su origen en\n1975, a\u00f1o en que se celebr\u00f3 en Belgrado (capital de la Rep\u00fablica de Serbia), el\nSeminario Internacional de Educaci\u00f3n Ambiental, donde participaron expertos de\nm\u00e1s de 70 pa\u00edses. En este evento se establecieron los principios de la\nEducaci\u00f3n Ambiental en el marco de los programas de las Naciones Unidas. Como\nresultado se public\u00f3 la Carta de Belgrado, en la cual se plasman las\nreivindicaciones fundamentales de la Educaci\u00f3n Ambiental.<\/p>\n\n\n\n<p>La Educaci\u00f3n\nAmbiental es un proceso din\u00e1mico y participativo, que busca despertar en la poblaci\u00f3n\nuna conciencia que le permita identificarse con la problem\u00e1tica ambiental tanto\na nivel general (mundial), como a nivel espec\u00edfico (medio donde vive). http:\/\/www.azulambientalistas.org\/educacionambiental.html<\/p>\n","protected":false},"excerpt":{"rendered":"<p>El 26 de Enero se celebra el \u00abD\u00eda Mundial de la Educaci\u00f3n Ambiental\u00bb, que tiene su origen en 1975, a\u00f1o en que se celebr\u00f3 en Belgrado (capital de la Rep\u00fablica de Serbia), el Seminario Internacional de Educaci\u00f3n Ambiental, donde participaron expertos de m\u00e1s de 70 pa\u00edses. En este evento se establecieron los principios de la [&hellip;]<\/p>\n","protected":false},"author":2,"featured_media":159132,"comment_status":"closed","ping_status":"closed","sticky":false,"template":"","format":"standard","meta":{"footnotes":""},"categories":[3,5],"tags":[],"class_list":{"0":"post-159131","1":"post","2":"type-post","3":"status-publish","4":"format-standard","5":"has-post-thumbnail","7":"category-curiosidades","8":"category-destacado"},"_links":{"self":[{"href":"https:\/\/elluchador.info\/index.php?rest_route=\/wp\/v2\/posts\/159131","targetHints":{"allow":["GET"]}}],"collection":[{"href":"https:\/\/elluchador.info\/index.php?rest_route=\/wp\/v2\/posts"}],"about":[{"href":"https:\/\/elluchador.info\/index.php?rest_route=\/wp\/v2\/types\/post"}],"author":[{"embeddable":true,"href":"https:\/\/elluchador.info\/index.php?rest_route=\/wp\/v2\/users\/2"}],"replies":[{"embeddable":true,"href":"https:\/\/elluchador.info\/index.php?rest_route=%2Fwp%2Fv2%2Fcomments&post=159131"}],"version-history":[{"count":1,"href":"https:\/\/elluchador.info\/index.php?rest_route=\/wp\/v2\/posts\/159131\/revisions"}],"predecessor-version":[{"id":159133,"href":"https:\/\/elluchador.info\/index.php?rest_route=\/wp\/v2\/posts\/159131\/revisions\/159133"}],"wp:featuredmedia":[{"embeddable":true,"href":"https:\/\/elluchador.info\/index.php?rest_route=\/wp\/v2\/media\/159132"}],"wp:attachment":[{"href":"https:\/\/elluchador.info\/index.php?rest_route=%2Fwp%2Fv2%2Fmedia&parent=159131"}],"wp:term":[{"taxonomy":"category","embeddable":true,"href":"https:\/\/elluchador.info\/index.php?rest_route=%2Fwp%2Fv2%2Fcategories&post=159131"},{"taxonomy":"post_tag","embeddable":true,"href":"https:\/\/elluchador.info\/index.php?rest_route=%2Fwp%2Fv2%2Ftags&post=159131"}],"curies":[{"name":"wp","href":"https:\/\/api.w.org\/{rel}","templated":true}]}}