{"id":159143,"date":"2020-01-26T11:00:27","date_gmt":"2020-01-26T15:00:27","guid":{"rendered":"https:\/\/elluchador.info\/web\/?p=159143"},"modified":"2020-01-26T07:48:07","modified_gmt":"2020-01-26T11:48:07","slug":"jeanine-anez-anuncia-su-candidatura-a-presidencia-de-bolivia","status":"publish","type":"post","link":"https:\/\/elluchador.info\/?p=159143","title":{"rendered":"Jeanine \u00c1\u00f1ez anuncia su candidatura a presidencia de Bolivia"},"content":{"rendered":"\n<p>La presidente boliviana Jeanine A\u00f1ez, anunci\u00f3 este viernes que se presentar\u00e1 a las elecciones generales del 3 de mayo.<br>\n\u00abAnunciarles que he tomado la decisi\u00f3n de presentarme como candidata a las elecciones nacionales, cr\u00e9anme que es una enorme responsabilidad. No estaba en mis planes participar en estas elecciones. En las \u00faltimas semanas hemos preparado construir consensos y no los hemos conseguido\u00bb, dijo \u00c1\u00f1ez, en un acto en La Paz.<br>\nLa mandataria recibi\u00f3 el apoyo del partido conservador Solidaridad y Soberan\u00eda (Sol.Bo) del alcalde de la capital boliviana Luis Revilla.<\/p>\n\n\n\n<p>\u00c1\u00f1ez, asegur\u00f3 que \u00abla dispersi\u00f3n de votos y la presentaci\u00f3n de candidaturas que no logran unir a los bolivianos\u00bb, definieron la decisi\u00f3n de presentarse a los comicios del pr\u00f3ximo mayo. Con informaci\u00f3n de Telesur<\/p>\n","protected":false},"excerpt":{"rendered":"<p>La presidente boliviana Jeanine A\u00f1ez, anunci\u00f3 este viernes que se presentar\u00e1 a las elecciones generales del 3 de mayo. \u00abAnunciarles que he tomado la decisi\u00f3n de presentarme como candidata a las elecciones nacionales, cr\u00e9anme que es una enorme responsabilidad. No estaba en mis planes participar en estas elecciones. En las \u00faltimas semanas hemos preparado construir [&hellip;]<\/p>\n","protected":false},"author":2,"featured_media":159144,"comment_status":"closed","ping_status":"closed","sticky":false,"template":"","format":"standard","meta":{"footnotes":""},"categories":[8],"tags":[],"class_list":{"0":"post-159143","1":"post","2":"type-post","3":"status-publish","4":"format-standard","5":"has-post-thumbnail","7":"category-internacionales"},"_links":{"self":[{"href":"https:\/\/elluchador.info\/index.php?rest_route=\/wp\/v2\/posts\/159143","targetHints":{"allow":["GET"]}}],"collection":[{"href":"https:\/\/elluchador.info\/index.php?rest_route=\/wp\/v2\/posts"}],"about":[{"href":"https:\/\/elluchador.info\/index.php?rest_route=\/wp\/v2\/types\/post"}],"author":[{"embeddable":true,"href":"https:\/\/elluchador.info\/index.php?rest_route=\/wp\/v2\/users\/2"}],"replies":[{"embeddable":true,"href":"https:\/\/elluchador.info\/index.php?rest_route=%2Fwp%2Fv2%2Fcomments&post=159143"}],"version-history":[{"count":1,"href":"https:\/\/elluchador.info\/index.php?rest_route=\/wp\/v2\/posts\/159143\/revisions"}],"predecessor-version":[{"id":159145,"href":"https:\/\/elluchador.info\/index.php?rest_route=\/wp\/v2\/posts\/159143\/revisions\/159145"}],"wp:featuredmedia":[{"embeddable":true,"href":"https:\/\/elluchador.info\/index.php?rest_route=\/wp\/v2\/media\/159144"}],"wp:attachment":[{"href":"https:\/\/elluchador.info\/index.php?rest_route=%2Fwp%2Fv2%2Fmedia&parent=159143"}],"wp:term":[{"taxonomy":"category","embeddable":true,"href":"https:\/\/elluchador.info\/index.php?rest_route=%2Fwp%2Fv2%2Fcategories&post=159143"},{"taxonomy":"post_tag","embeddable":true,"href":"https:\/\/elluchador.info\/index.php?rest_route=%2Fwp%2Fv2%2Ftags&post=159143"}],"curies":[{"name":"wp","href":"https:\/\/api.w.org\/{rel}","templated":true}]}}