{"id":159165,"date":"2020-01-26T16:00:34","date_gmt":"2020-01-26T20:00:34","guid":{"rendered":"https:\/\/elluchador.info\/web\/?p=159165"},"modified":"2020-01-26T08:18:10","modified_gmt":"2020-01-26T12:18:10","slug":"un-venezolano-entre-los-14-muertos-por-deflagracion-de-gas-en-lima","status":"publish","type":"post","link":"https:\/\/elluchador.info\/?p=159165","title":{"rendered":"Un venezolano entre los 14 muertos por deflagraci\u00f3n de gas en Lima"},"content":{"rendered":"\n<p>El n\u00famero de v\u00edctimas mortales producto de la gran deflagraci\u00f3n de gas acontecida el jueves en Lima subi\u00f3 a 14 despu\u00e9s de que en las \u00faltimas horas fallecieran 6 personas, entre ellas un venezolano, que se encontraban en estado cr\u00edtico, seg\u00fan inform\u00f3 este s\u00e1bado el Ministerio de Salud de Per\u00fa.<\/p>\n\n\n\n<p>Pese a que en el lugar de los hechos se registr\u00f3 \u00fanicamente un fallecido, los dem\u00e1s perecieron en distintos hospitales de la capital peruana a causa de las graves quemaduras sufridas por la inmensa llamarada producto de la fuga de un cami\u00f3n cisterna, que caus\u00f3 inicialmente m\u00e1s de 50 heridos.<\/p>\n\n\n\n<p>Los seis que fallecieron en las \u00faltimas horas lo hicieron tres a \u00faltima hora del viernes, dos durante la madrugada de este s\u00e1bado y un \u00faltimo en horas de la tarde.<\/p>\n\n\n\n<p>Dos nuevos menores fallecidos<\/p>\n\n\n\n<p>Entre los \u00faltimos fallecidos hay dos menores, entre ellos un ni\u00f1o de 3 a\u00f1os y una ni\u00f1a de 4 que ten\u00eda quemaduras en el 96 % de su cuerpo y cuya muri\u00f3 a causa de un paro cardiorrespiratorio.<\/p>\n\n\n\n<p>Tambi\u00e9n murieron en las \u00faltimas horas tres mujeres identificadas como Isabel Mar\u00edn, de 22 a\u00f1os, que estaba en estado de gestaci\u00f3n; Rosal\u00eda Esp\u00edritu, de 52 a\u00f1os; y Janet Segovia, de 39 a\u00f1os, adem\u00e1s de Jos\u00e9 Manuel Rodr\u00edguez, un venezolano de 40 a\u00f1os.<\/p>\n\n\n\n<p>Entre los 14 fallecidos hasta ahora hay en total 5 menores de edad y 6 mujeres y 3 hombres, cuyas edades oscilan entre los 18 y los 61 a\u00f1os.<\/p>\n\n\n\n<p>Cuatro menores m\u00e1s en estado cr\u00edtico<\/p>\n\n\n\n<p>En distintos hospitales de Lima permanecen internados alrededor de 40 heridos, entre ellos cuatro menores en estado cr\u00edtico que permanecen hospitalizados en el Instituto Nacional de Salud del Ni\u00f1o.<\/p>\n\n\n\n<p>\u201cTenemos cuatro pacientes con quemaduras entre el 80 y 99 % de sus cuerpos. Su estado es muy cr\u00edtico, pero nuestros especialistas estamos abocados a sacar adelante a estos chicos. Sabemos que la tarea es dif\u00edcil, pero no perdemos la fe\u201d, asegur\u00f3 este s\u00e1bado Daniel Koc Gonz\u00e1les, jefe pediatra de ese centro m\u00e9dico.<\/p>\n\n\n\n<p>La ministra de Salud de Per\u00fa, Elizabeth Hinostroza, resalt\u00f3 el viernes que un reci\u00e9n nacido de solo 17 d\u00edas de vida que tambi\u00e9n se vio afectado presenta \u201cun notorio progreso en su estado de salud\u201d.<\/p>\n\n\n\n<p>\u201cEstamos realizando todos los esfuerzos necesarios para brindar el tratamiento requerido por los pacientes. Para ellos se han movilizado especialistas en cirug\u00eda pl\u00e1stica para que hagan las evaluaciones de forma individual\u201d, enfatiz\u00f3.<\/p>\n\n\n\n<p>Sucesi\u00f3n de fatalidades<\/p>\n\n\n\n<p>La tragedia se produjo cuando un cami\u00f3n cisterna cargado de gas licuado de petr\u00f3leo sufri\u00f3 alg\u00fan tipo de fisura al pasar por un gran bache que hizo fugarse de manera masiva la carga que llevaba en su interior, inundando de gas toda una calle en cuesti\u00f3n de segundos mientras el conductor intentaba controlarlo de manera desesperada.<\/p>\n\n\n\n<p>El gas se torn\u00f3 casi al instante en una enorme lengua de fuego cuando a decenas de metros de distancia del cami\u00f3n un vecino de la zona encendi\u00f3 aparentemente el motor de su autom\u00f3vil, lo que inici\u00f3 la enorme deflagraci\u00f3n que asol\u00f3 una manzana entera, sin que pr\u00e1cticamente nadie que estaba en el lugar pudiese huir.<\/p>\n\n\n\n<p>El accidente ocurri\u00f3 en una gran avenida del populoso distrito de Villa El Salvador, ubicado en el sur de Lima, donde tambi\u00e9n dej\u00f3 cuantiosos da\u00f1os materiales y viviendas. (EFE\/Diario2001)<\/p>\n","protected":false},"excerpt":{"rendered":"<p>El n\u00famero de v\u00edctimas mortales producto de la gran deflagraci\u00f3n de gas acontecida el jueves en Lima subi\u00f3 a 14 despu\u00e9s de que en las \u00faltimas horas fallecieran 6 personas, entre ellas un venezolano, que se encontraban en estado cr\u00edtico, seg\u00fan inform\u00f3 este s\u00e1bado el Ministerio de Salud de Per\u00fa. Pese a que en el [&hellip;]<\/p>\n","protected":false},"author":2,"featured_media":159166,"comment_status":"closed","ping_status":"closed","sticky":false,"template":"","format":"standard","meta":{"footnotes":""},"categories":[8],"tags":[],"class_list":{"0":"post-159165","1":"post","2":"type-post","3":"status-publish","4":"format-standard","5":"has-post-thumbnail","7":"category-internacionales"},"_links":{"self":[{"href":"https:\/\/elluchador.info\/index.php?rest_route=\/wp\/v2\/posts\/159165","targetHints":{"allow":["GET"]}}],"collection":[{"href":"https:\/\/elluchador.info\/index.php?rest_route=\/wp\/v2\/posts"}],"about":[{"href":"https:\/\/elluchador.info\/index.php?rest_route=\/wp\/v2\/types\/post"}],"author":[{"embeddable":true,"href":"https:\/\/elluchador.info\/index.php?rest_route=\/wp\/v2\/users\/2"}],"replies":[{"embeddable":true,"href":"https:\/\/elluchador.info\/index.php?rest_route=%2Fwp%2Fv2%2Fcomments&post=159165"}],"version-history":[{"count":1,"href":"https:\/\/elluchador.info\/index.php?rest_route=\/wp\/v2\/posts\/159165\/revisions"}],"predecessor-version":[{"id":159167,"href":"https:\/\/elluchador.info\/index.php?rest_route=\/wp\/v2\/posts\/159165\/revisions\/159167"}],"wp:featuredmedia":[{"embeddable":true,"href":"https:\/\/elluchador.info\/index.php?rest_route=\/wp\/v2\/media\/159166"}],"wp:attachment":[{"href":"https:\/\/elluchador.info\/index.php?rest_route=%2Fwp%2Fv2%2Fmedia&parent=159165"}],"wp:term":[{"taxonomy":"category","embeddable":true,"href":"https:\/\/elluchador.info\/index.php?rest_route=%2Fwp%2Fv2%2Fcategories&post=159165"},{"taxonomy":"post_tag","embeddable":true,"href":"https:\/\/elluchador.info\/index.php?rest_route=%2Fwp%2Fv2%2Ftags&post=159165"}],"curies":[{"name":"wp","href":"https:\/\/api.w.org\/{rel}","templated":true}]}}