{"id":159236,"date":"2020-01-27T10:32:36","date_gmt":"2020-01-27T14:32:36","guid":{"rendered":"https:\/\/elluchador.info\/web\/?p=159236"},"modified":"2020-01-27T10:22:39","modified_gmt":"2020-01-27T14:22:39","slug":"cacao-cafe-y-ron-venezolano-deleitan-a-asistentes-a-la-clausura-de-fitur-2020","status":"publish","type":"post","link":"https:\/\/elluchador.info\/?p=159236","title":{"rendered":"Cacao, caf\u00e9 y ron venezolano deleitan a asistentes a la clausura de Fitur 2020"},"content":{"rendered":"\n<p>Los espa\u00f1oles y visitantes asistentes a la Feria Internacional del Turismo de Madrid&nbsp; (Fitur) 2020 se deleitaron con el caf\u00e9, el cacao y el ron venezolano en la jornada de clausura que se lleva a cabo este domingo.<\/p>\n\n\n\n<p>As\u00ed lo afirm\u00f3 el ministro del Poder Popular para el Turismo y Comercio Exterior, F\u00e9lix Plasencia, quien calific\u00f3 como positiva la acogida que tuvo el stand de la Rep\u00fablica Bolivariana de Venezuela, donde se exhibieron las bondades tur\u00edsticas, productivas y comerciales del pa\u00eds acompa\u00f1ados de un mensaje de uni\u00f3n y felicidad.<\/p>\n\n\n\n<p>\u201cVengan a un pa\u00eds feliz que ha derrotado la batalla negativa, del enga\u00f1o y la traici\u00f3n que se hace en otras latitudes contra la patria de Bol\u00edvar, el amor y la integraci\u00f3n\u201d, sostuvo.<\/p>\n\n\n\n<p>Destac\u00f3 que este evento tur\u00edstico, el m\u00e1s importante en lengua castellana, las l\u00ednea \u00e1reas Iberia, AirEuropa, Plus Ultra apuestan por la conectividad con el pa\u00eds latinoamericano.<\/p>\n\n\n\n<p>\u201cAqu\u00ed en Fitur lo hemos hecho muy bien, hemos cumplido con las instrucciones del presidente de la Rep\u00fablica, Nicol\u00e1s Maduro, de traer nuestra voz a Espa\u00f1a, saltar los obst\u00e1culos, nuestra presencia ha sido digna&nbsp; y responsable\u201d.<\/p>\n\n\n\n<p>Agreg\u00f3 que se realizaron importantes ruedas de negocios y reuniones de trabajo con empresarios que apuestan en gran por Venezuela.\u00a0<\/p>\n\n\n\n<p><strong>vtv.com <\/strong><\/p>\n\n\n\n<p><br><\/p>\n","protected":false},"excerpt":{"rendered":"<p>Los espa\u00f1oles y visitantes asistentes a la Feria Internacional del Turismo de Madrid&nbsp; (Fitur) 2020 se deleitaron con el caf\u00e9, el cacao y el ron venezolano en la jornada de clausura que se lleva a cabo este domingo. As\u00ed lo afirm\u00f3 el ministro del Poder Popular para el Turismo y Comercio Exterior, F\u00e9lix Plasencia, quien [&hellip;]<\/p>\n","protected":false},"author":2,"featured_media":159239,"comment_status":"closed","ping_status":"closed","sticky":false,"template":"","format":"standard","meta":{"footnotes":""},"categories":[5,6],"tags":[],"class_list":{"0":"post-159236","1":"post","2":"type-post","3":"status-publish","4":"format-standard","5":"has-post-thumbnail","7":"category-destacado","8":"category-economia"},"_links":{"self":[{"href":"https:\/\/elluchador.info\/index.php?rest_route=\/wp\/v2\/posts\/159236","targetHints":{"allow":["GET"]}}],"collection":[{"href":"https:\/\/elluchador.info\/index.php?rest_route=\/wp\/v2\/posts"}],"about":[{"href":"https:\/\/elluchador.info\/index.php?rest_route=\/wp\/v2\/types\/post"}],"author":[{"embeddable":true,"href":"https:\/\/elluchador.info\/index.php?rest_route=\/wp\/v2\/users\/2"}],"replies":[{"embeddable":true,"href":"https:\/\/elluchador.info\/index.php?rest_route=%2Fwp%2Fv2%2Fcomments&post=159236"}],"version-history":[{"count":1,"href":"https:\/\/elluchador.info\/index.php?rest_route=\/wp\/v2\/posts\/159236\/revisions"}],"predecessor-version":[{"id":159240,"href":"https:\/\/elluchador.info\/index.php?rest_route=\/wp\/v2\/posts\/159236\/revisions\/159240"}],"wp:featuredmedia":[{"embeddable":true,"href":"https:\/\/elluchador.info\/index.php?rest_route=\/wp\/v2\/media\/159239"}],"wp:attachment":[{"href":"https:\/\/elluchador.info\/index.php?rest_route=%2Fwp%2Fv2%2Fmedia&parent=159236"}],"wp:term":[{"taxonomy":"category","embeddable":true,"href":"https:\/\/elluchador.info\/index.php?rest_route=%2Fwp%2Fv2%2Fcategories&post=159236"},{"taxonomy":"post_tag","embeddable":true,"href":"https:\/\/elluchador.info\/index.php?rest_route=%2Fwp%2Fv2%2Ftags&post=159236"}],"curies":[{"name":"wp","href":"https:\/\/api.w.org\/{rel}","templated":true}]}}