{"id":159295,"date":"2020-01-27T14:20:22","date_gmt":"2020-01-27T18:20:22","guid":{"rendered":"https:\/\/elluchador.info\/web\/?p=159295"},"modified":"2020-01-27T14:00:49","modified_gmt":"2020-01-27T18:00:49","slug":"lluvias-en-brasil-dejan-al-menos-45-muertos","status":"publish","type":"post","link":"https:\/\/elluchador.info\/?p=159295","title":{"rendered":"Lluvias en Brasil dejan al menos 45 muertos"},"content":{"rendered":"\n<p>El n\u00famero de muertos por las fuertes lluvias que castigan desde el jueves el estado brasile\u00f1o de Minas Gerais (sudeste) lleg\u00f3 a 45 mientras que el de municipios declarados en estado de emergencia lleg\u00f3 a 101.<\/p>\n\n\n\n<p>De acuerdo con el bolet\u00edn divulgado en la ma\u00f1ana de este lunes por la Defensa Civil de Minas Gerais, el segundo estado m\u00e1s poblado de Brasil, los fuertes temporales han dejado 45 muertos, 18 desaparecidos, 13.887 desalojados y 3.354 acomodados en alojamientos improvisados en escuelas y gimnasios p\u00fablicos.<\/p>\n\n\n\n<p>El nuevo bolet\u00edn tan s\u00f3lo incluy\u00f3 un muerto m\u00e1s frente a los 44 contabilizados el domingo mientras que redujo de 19 a 18 el n\u00famero de desaparecidos, tras el hallazgo de un cuerpo en los destrozos dejados por un deslizamiento de tierras.<\/p>\n\n\n\n<p>La reducci\u00f3n de la intensidad de las lluvias el domingo y este lunes permiti\u00f3 que los bomberos concentraran su trabajo en la b\u00fasqueda de personas declaradas desaparecidas luego de que las viviendas en que viv\u00edan fueran sepultadas por deslizamientos de tierras.<\/p>\n\n\n\n<p>La situaci\u00f3n provocada por los temporales oblig\u00f3 al Gobierno regional de Minas Gerais a declarar la situaci\u00f3n de emergencia en 101 municipios afectados por las lluvias, en tanto que tres ciudades (Catas Altas, Ibirit\u00e9 y Orizania) se declararon en estado de calamidad p\u00fablica.<\/p>\n\n\n\n<p>EFE<\/p>\n","protected":false},"excerpt":{"rendered":"<p>El n\u00famero de muertos por las fuertes lluvias que castigan desde el jueves el estado brasile\u00f1o de Minas Gerais (sudeste) lleg\u00f3 a 45 mientras que el de municipios declarados en estado de emergencia lleg\u00f3 a 101. De acuerdo con el bolet\u00edn divulgado en la ma\u00f1ana de este lunes por la Defensa Civil de Minas Gerais, [&hellip;]<\/p>\n","protected":false},"author":2,"featured_media":159296,"comment_status":"closed","ping_status":"closed","sticky":false,"template":"","format":"standard","meta":{"footnotes":""},"categories":[5,8],"tags":[],"class_list":{"0":"post-159295","1":"post","2":"type-post","3":"status-publish","4":"format-standard","5":"has-post-thumbnail","7":"category-destacado","8":"category-internacionales"},"_links":{"self":[{"href":"https:\/\/elluchador.info\/index.php?rest_route=\/wp\/v2\/posts\/159295","targetHints":{"allow":["GET"]}}],"collection":[{"href":"https:\/\/elluchador.info\/index.php?rest_route=\/wp\/v2\/posts"}],"about":[{"href":"https:\/\/elluchador.info\/index.php?rest_route=\/wp\/v2\/types\/post"}],"author":[{"embeddable":true,"href":"https:\/\/elluchador.info\/index.php?rest_route=\/wp\/v2\/users\/2"}],"replies":[{"embeddable":true,"href":"https:\/\/elluchador.info\/index.php?rest_route=%2Fwp%2Fv2%2Fcomments&post=159295"}],"version-history":[{"count":1,"href":"https:\/\/elluchador.info\/index.php?rest_route=\/wp\/v2\/posts\/159295\/revisions"}],"predecessor-version":[{"id":159297,"href":"https:\/\/elluchador.info\/index.php?rest_route=\/wp\/v2\/posts\/159295\/revisions\/159297"}],"wp:featuredmedia":[{"embeddable":true,"href":"https:\/\/elluchador.info\/index.php?rest_route=\/wp\/v2\/media\/159296"}],"wp:attachment":[{"href":"https:\/\/elluchador.info\/index.php?rest_route=%2Fwp%2Fv2%2Fmedia&parent=159295"}],"wp:term":[{"taxonomy":"category","embeddable":true,"href":"https:\/\/elluchador.info\/index.php?rest_route=%2Fwp%2Fv2%2Fcategories&post=159295"},{"taxonomy":"post_tag","embeddable":true,"href":"https:\/\/elluchador.info\/index.php?rest_route=%2Fwp%2Fv2%2Ftags&post=159295"}],"curies":[{"name":"wp","href":"https:\/\/api.w.org\/{rel}","templated":true}]}}