{"id":159379,"date":"2020-01-28T10:27:35","date_gmt":"2020-01-28T14:27:35","guid":{"rendered":"https:\/\/elluchador.info\/web\/?p=159379"},"modified":"2020-01-28T10:18:02","modified_gmt":"2020-01-28T14:18:02","slug":"gobierno-afirmo-que-foro-de-sao-paulo-permitio-profundizar-agenda-2020","status":"publish","type":"post","link":"https:\/\/elluchador.info\/?p=159379","title":{"rendered":"Gobierno afirm\u00f3 que Foro de Sao Paulo permiti\u00f3 profundizar agenda 2020"},"content":{"rendered":"\n<p>El constituyente, Julio Ch\u00e1vez, sostuvo que el&nbsp;<strong>Foro de Sao Paulo arroj\u00f3 un balance positivo<\/strong>&nbsp;y agreg\u00f3 que el evento sirvi\u00f3 para lograr&nbsp;<strong>importantes avances en la profundizaci\u00f3n de la agenda 2020<\/strong>.<\/p>\n\n\n\n<p>Destac\u00f3 la necesidad de construir plataformas unitarias de solidaridad a nivel mundial que para darle coherencia y direccionalidad a todo el movimiento popular y partidos de izquierda.<\/p>\n\n\n\n<blockquote class=\"wp-block-quote is-layout-flow wp-block-quote-is-layout-flow\"><p>\u00abEsperamos abrir en el primer trimestre de este a\u00f1o como parte de esa agenda, las primeras casas de solidaridad y amistad con los pueblos\u00bb.<\/p><\/blockquote>\n\n\n\n<p>Durante una conversaci\u00f3n con&nbsp;<em>Anah\u00ed Arizmendi<\/em>&nbsp;para&nbsp;<em>Uni\u00f3n Radio<\/em>, desestim\u00f3 las criticas al evento y resalt\u00f3 que participaron de delegados de m\u00e1s de 160 pa\u00edses.<\/p>\n","protected":false},"excerpt":{"rendered":"<p>El constituyente, Julio Ch\u00e1vez, sostuvo que el&nbsp;Foro de Sao Paulo arroj\u00f3 un balance positivo&nbsp;y agreg\u00f3 que el evento sirvi\u00f3 para lograr&nbsp;importantes avances en la profundizaci\u00f3n de la agenda 2020. Destac\u00f3 la necesidad de construir plataformas unitarias de solidaridad a nivel mundial que para darle coherencia y direccionalidad a todo el movimiento popular y partidos de [&hellip;]<\/p>\n","protected":false},"author":2,"featured_media":159380,"comment_status":"closed","ping_status":"closed","sticky":false,"template":"","format":"standard","meta":{"footnotes":""},"categories":[5,9],"tags":[],"class_list":{"0":"post-159379","1":"post","2":"type-post","3":"status-publish","4":"format-standard","5":"has-post-thumbnail","7":"category-destacado","8":"category-nacionales"},"_links":{"self":[{"href":"https:\/\/elluchador.info\/index.php?rest_route=\/wp\/v2\/posts\/159379","targetHints":{"allow":["GET"]}}],"collection":[{"href":"https:\/\/elluchador.info\/index.php?rest_route=\/wp\/v2\/posts"}],"about":[{"href":"https:\/\/elluchador.info\/index.php?rest_route=\/wp\/v2\/types\/post"}],"author":[{"embeddable":true,"href":"https:\/\/elluchador.info\/index.php?rest_route=\/wp\/v2\/users\/2"}],"replies":[{"embeddable":true,"href":"https:\/\/elluchador.info\/index.php?rest_route=%2Fwp%2Fv2%2Fcomments&post=159379"}],"version-history":[{"count":1,"href":"https:\/\/elluchador.info\/index.php?rest_route=\/wp\/v2\/posts\/159379\/revisions"}],"predecessor-version":[{"id":159381,"href":"https:\/\/elluchador.info\/index.php?rest_route=\/wp\/v2\/posts\/159379\/revisions\/159381"}],"wp:featuredmedia":[{"embeddable":true,"href":"https:\/\/elluchador.info\/index.php?rest_route=\/wp\/v2\/media\/159380"}],"wp:attachment":[{"href":"https:\/\/elluchador.info\/index.php?rest_route=%2Fwp%2Fv2%2Fmedia&parent=159379"}],"wp:term":[{"taxonomy":"category","embeddable":true,"href":"https:\/\/elluchador.info\/index.php?rest_route=%2Fwp%2Fv2%2Fcategories&post=159379"},{"taxonomy":"post_tag","embeddable":true,"href":"https:\/\/elluchador.info\/index.php?rest_route=%2Fwp%2Fv2%2Ftags&post=159379"}],"curies":[{"name":"wp","href":"https:\/\/api.w.org\/{rel}","templated":true}]}}