{"id":159382,"date":"2020-01-28T10:32:30","date_gmt":"2020-01-28T14:32:30","guid":{"rendered":"https:\/\/elluchador.info\/web\/?p=159382"},"modified":"2020-01-28T10:22:07","modified_gmt":"2020-01-28T14:22:07","slug":"se-reuniran-en-barcelona-el-6-f-sanchez-y-el-presidente-de-cataluna","status":"publish","type":"post","link":"https:\/\/elluchador.info\/?p=159382","title":{"rendered":"Se reunir\u00e1n en Barcelona el 6-F S\u00e1nchez y el presidente de Catalu\u00f1a"},"content":{"rendered":"\n<p>El jefe del Gobierno espa\u00f1ol, Pedro S\u00e1nchez, se reunir\u00e1 con el presidente regional de Catalu\u00f1a el 6 de febrero en Barcelona, el independentista Quim Torra, en pleno debate y pol\u00e9mica sobre si el gobernante catal\u00e1n puede seguir en ese cargo tras quedar inhabilitado como diputado del Parlamento regional.<\/p>\n\n\n\n<p>La portavoz del Gobierno espa\u00f1ol, la socialista Mar\u00eda Jes\u00fas Montero, que anunci\u00f3 la fecha de la reuni\u00f3n, reconoci\u00f3 que, pese a la p\u00e9rdida del esca\u00f1o, es \u00abobvio\u00bb que Torra es a d\u00eda de hoy presidente de Catalu\u00f1a y que a\u00fan no hay ninguna resoluci\u00f3n judicial que lo desdiga.<\/p>\n\n\n\n<p>Matiz\u00f3, sin embargo, que si antes del 6 de febrero se presentan novedades que se desaconsejan la reuni\u00f3n, \u00abse pospondr\u00eda\u00bb.<\/p>\n\n\n\n<p>La portavoz se mostr\u00f3 convencida de que el di\u00e1logo es la \u00abclave\u00bb para resolver un problema \u00abque lleva demasiado tiempo\u00bb, en alusi\u00f3n a las tensiones independentistas en Catalu\u00f1a.<\/p>\n\n\n\n<p><strong>unionradio.net <\/strong><\/p>\n","protected":false},"excerpt":{"rendered":"<p>El jefe del Gobierno espa\u00f1ol, Pedro S\u00e1nchez, se reunir\u00e1 con el presidente regional de Catalu\u00f1a el 6 de febrero en Barcelona, el independentista Quim Torra, en pleno debate y pol\u00e9mica sobre si el gobernante catal\u00e1n puede seguir en ese cargo tras quedar inhabilitado como diputado del Parlamento regional. La portavoz del Gobierno espa\u00f1ol, la socialista [&hellip;]<\/p>\n","protected":false},"author":2,"featured_media":159383,"comment_status":"closed","ping_status":"closed","sticky":false,"template":"","format":"standard","meta":{"footnotes":""},"categories":[8],"tags":[],"class_list":{"0":"post-159382","1":"post","2":"type-post","3":"status-publish","4":"format-standard","5":"has-post-thumbnail","7":"category-internacionales"},"_links":{"self":[{"href":"https:\/\/elluchador.info\/index.php?rest_route=\/wp\/v2\/posts\/159382","targetHints":{"allow":["GET"]}}],"collection":[{"href":"https:\/\/elluchador.info\/index.php?rest_route=\/wp\/v2\/posts"}],"about":[{"href":"https:\/\/elluchador.info\/index.php?rest_route=\/wp\/v2\/types\/post"}],"author":[{"embeddable":true,"href":"https:\/\/elluchador.info\/index.php?rest_route=\/wp\/v2\/users\/2"}],"replies":[{"embeddable":true,"href":"https:\/\/elluchador.info\/index.php?rest_route=%2Fwp%2Fv2%2Fcomments&post=159382"}],"version-history":[{"count":1,"href":"https:\/\/elluchador.info\/index.php?rest_route=\/wp\/v2\/posts\/159382\/revisions"}],"predecessor-version":[{"id":159384,"href":"https:\/\/elluchador.info\/index.php?rest_route=\/wp\/v2\/posts\/159382\/revisions\/159384"}],"wp:featuredmedia":[{"embeddable":true,"href":"https:\/\/elluchador.info\/index.php?rest_route=\/wp\/v2\/media\/159383"}],"wp:attachment":[{"href":"https:\/\/elluchador.info\/index.php?rest_route=%2Fwp%2Fv2%2Fmedia&parent=159382"}],"wp:term":[{"taxonomy":"category","embeddable":true,"href":"https:\/\/elluchador.info\/index.php?rest_route=%2Fwp%2Fv2%2Fcategories&post=159382"},{"taxonomy":"post_tag","embeddable":true,"href":"https:\/\/elluchador.info\/index.php?rest_route=%2Fwp%2Fv2%2Ftags&post=159382"}],"curies":[{"name":"wp","href":"https:\/\/api.w.org\/{rel}","templated":true}]}}