{"id":159391,"date":"2020-01-28T10:55:36","date_gmt":"2020-01-28T14:55:36","guid":{"rendered":"https:\/\/elluchador.info\/web\/?p=159391"},"modified":"2020-01-28T10:45:30","modified_gmt":"2020-01-28T14:45:30","slug":"cardenales-de-lara-obtuvo-este-lunes-su-6to-titulo-de-lvbp","status":"publish","type":"post","link":"https:\/\/elluchador.info\/?p=159391","title":{"rendered":"Cardenales de Lara obtuvo este lunes su 6to t\u00edtulo de LVBP"},"content":{"rendered":"\n<p>La gobernadora del estado Lara,\u00a0<strong>Carmen Mel\u00e9ndez<\/strong>, decret\u00f3 este martes 28 de enero\u00a0<strong>D\u00eda de J\u00fabilo<\/strong>\u00a0en esa entidad centro-occidental del pa\u00eds, por el t\u00edtulo de campe\u00f3n conseguido en la noche del lunes por\u00a0<strong>Cardenales de Lara,<\/strong>\u00a0al derrotar 4-2 a la novena anzo\u00e1tiguense, en el s\u00e9ptimo juego de la final de la Liga Venezolana de B\u00e9isbol Profesional (LVBP) temporada 2019-2020.<\/p>\n\n\n\n<p>El decreto n\u00famero 03849, que apareci\u00f3 en&nbsp;<strong>Gaceta Oficial 24527<\/strong>, indica que \u201cse declara el d\u00eda 28 de enero&nbsp;<strong>D\u00eda de J\u00fabilo No Laborable<\/strong>&nbsp;en todo el territorio del estado Lara, a los fines de acompa\u00f1ar y asistir junto a la fanaticada larense y al&nbsp;<strong>Cardenales de Lara<\/strong>, en las actividades festivas a realizarse con motivo del triunfo obtenido\u201d.<\/p>\n\n\n\n<p>Para este martes en horas de la tarde se prev\u00e9 una caravana en Barquisimeto con el equipo Larense, que representar\u00e1 ahora a Venezuela en la Serie del Caribe, que este a\u00f1o se realizar\u00e1 en Puerto Rico, del 1 al 7 de febrero.<\/p>\n\n\n\n<p>Hasta avanzadas horas de la madrugada de este martes, decenas de larenses celebraron con ruidosas, alegres y nutridas caravanas, el segundo t\u00edtulo consecutivo de Cardenales y el sexto de su historia en el b\u00e9isbol venezolano.<\/p>\n\n\n\n<p><strong>vtv.com <\/strong><\/p>\n","protected":false},"excerpt":{"rendered":"<p>La gobernadora del estado Lara,\u00a0Carmen Mel\u00e9ndez, decret\u00f3 este martes 28 de enero\u00a0D\u00eda de J\u00fabilo\u00a0en esa entidad centro-occidental del pa\u00eds, por el t\u00edtulo de campe\u00f3n conseguido en la noche del lunes por\u00a0Cardenales de Lara,\u00a0al derrotar 4-2 a la novena anzo\u00e1tiguense, en el s\u00e9ptimo juego de la final de la Liga Venezolana de B\u00e9isbol Profesional (LVBP) temporada [&hellip;]<\/p>\n","protected":false},"author":2,"featured_media":159392,"comment_status":"closed","ping_status":"closed","sticky":false,"template":"","format":"standard","meta":{"footnotes":""},"categories":[4,5],"tags":[],"class_list":{"0":"post-159391","1":"post","2":"type-post","3":"status-publish","4":"format-standard","5":"has-post-thumbnail","7":"category-deportes","8":"category-destacado"},"_links":{"self":[{"href":"https:\/\/elluchador.info\/index.php?rest_route=\/wp\/v2\/posts\/159391","targetHints":{"allow":["GET"]}}],"collection":[{"href":"https:\/\/elluchador.info\/index.php?rest_route=\/wp\/v2\/posts"}],"about":[{"href":"https:\/\/elluchador.info\/index.php?rest_route=\/wp\/v2\/types\/post"}],"author":[{"embeddable":true,"href":"https:\/\/elluchador.info\/index.php?rest_route=\/wp\/v2\/users\/2"}],"replies":[{"embeddable":true,"href":"https:\/\/elluchador.info\/index.php?rest_route=%2Fwp%2Fv2%2Fcomments&post=159391"}],"version-history":[{"count":1,"href":"https:\/\/elluchador.info\/index.php?rest_route=\/wp\/v2\/posts\/159391\/revisions"}],"predecessor-version":[{"id":159393,"href":"https:\/\/elluchador.info\/index.php?rest_route=\/wp\/v2\/posts\/159391\/revisions\/159393"}],"wp:featuredmedia":[{"embeddable":true,"href":"https:\/\/elluchador.info\/index.php?rest_route=\/wp\/v2\/media\/159392"}],"wp:attachment":[{"href":"https:\/\/elluchador.info\/index.php?rest_route=%2Fwp%2Fv2%2Fmedia&parent=159391"}],"wp:term":[{"taxonomy":"category","embeddable":true,"href":"https:\/\/elluchador.info\/index.php?rest_route=%2Fwp%2Fv2%2Fcategories&post=159391"},{"taxonomy":"post_tag","embeddable":true,"href":"https:\/\/elluchador.info\/index.php?rest_route=%2Fwp%2Fv2%2Ftags&post=159391"}],"curies":[{"name":"wp","href":"https:\/\/api.w.org\/{rel}","templated":true}]}}