{"id":159418,"date":"2020-01-28T12:47:22","date_gmt":"2020-01-28T16:47:22","guid":{"rendered":"https:\/\/elluchador.info\/web\/?p=159418"},"modified":"2020-01-28T12:37:37","modified_gmt":"2020-01-28T16:37:37","slug":"espana-defiende-discrecion-diplomatica-sobre-viaje-de-delcy-rodriguez","status":"publish","type":"post","link":"https:\/\/elluchador.info\/?p=159418","title":{"rendered":"Espa\u00f1a defiende discreci\u00f3n diplom\u00e1tica sobre viaje de Delcy Rodr\u00edguez"},"content":{"rendered":"\n<p>El Gobierno espa\u00f1ol asegur\u00f3 que las explicaciones iniciales sobre el encuentro entre el ministro de Fomento, Jos\u00e9 Luis \u00c1balos, y la vicepresidenta Delcy Rodr\u00edguez, fueron reducidas por la \u00abdiscreci\u00f3n diplom\u00e1tica\u00bb.<\/p>\n\n\n\n<p>\u00c1balos dio inicialmente \u00abuna versi\u00f3n reducida\u00bb de su encuentro con Rodr\u00edguez en el aeropuerto de Madrid porque \u00ablos asuntos diplom\u00e1ticos se llevan con discreci\u00f3n\u00bb y se \u00abconsigui\u00f3 resolver una crisis diplom\u00e1tica sin efectos secundarios\u00bb, afirm\u00f3 hoy en rueda de prensa la ministra portavoz, Mar\u00eda Jes\u00fas Montero.<\/p>\n\n\n\n<p>El breve encuentro tuvo lugar el pasado domingo 19, aunque no se conoci\u00f3 hasta cuatro d\u00edas despu\u00e9s, y gener\u00f3 una tormenta pol\u00edtica en Espa\u00f1a porque Rodr\u00edguez tiene prohibida su entrada en la Uni\u00f3n Europea debido a las sanciones comunitarias gobierno venezolano.<\/p>\n\n\n\n<p>Tras filtrarse el encuentro en un medio digital, \u00c1balos dio varias versiones del encuentro hasta que el pasado domingo aclar\u00f3 en una entrevista televisiva que se vio con Rodr\u00edguez durante 20 o 25 minutos, pero que no fue \u00abninguna reuni\u00f3n\u00bb.<\/p>\n\n\n\n<blockquote class=\"wp-block-quote is-layout-flow wp-block-quote-is-layout-flow\"><p>\u00abLo que \u00c1balos hizo es evitar una crisis diplom\u00e1tica y no perjudicar al conjunto del pa\u00eds; en nada hubiera beneficiado un conflicto diplom\u00e1tico, y Espa\u00f1a se hubiera visto concernida\u00bb, destac\u00f3 Montero tras la reuni\u00f3n del Consejo de Ministros.<\/p><\/blockquote>\n\n\n\n<p>A\u00f1adi\u00f3 que, dado que la vicepresidenta venezolana no pis\u00f3 suelo espa\u00f1ol, \u00abse cumpli\u00f3 a rajatabla con las instrucciones marcadas\u00bb por la UE para la aplicaci\u00f3n de las sanciones acordadas contra dirigentes del Gobierno de Nicol\u00e1s Maduro.<\/p>\n\n\n\n<p>Montero recalc\u00f3 que las autoridades espa\u00f1olas se enteraron de la presencia de Rodr\u00edguez en el avi\u00f3n privado cuando este ya se encontraba volando hacia Espa\u00f1a.<\/p>\n\n\n\n<blockquote class=\"wp-block-quote is-layout-flow wp-block-quote-is-layout-flow\"><p>\u00abEn el momento que se conoce que esta persona iba en este vuelo, las autoridades tomaron las medidas correspondientes para impedir la entrada de esta persona en territorio espa\u00f1ol, y el se\u00f1or \u00c1balos hizo una gesti\u00f3n diplom\u00e1tica para reiterarle a la se\u00f1ora Rodr\u00edguez que no pod\u00eda entrar en territorio espa\u00f1ol, como finalmente no ocurri\u00f3\u00bb, subray\u00f3 la ministra.<\/p><\/blockquote>\n\n\n\n<p>La embajada venezolana en Madrid inform\u00f3 al departamento de Protocolo del Ministerio de Exteriores que Delcy Rodr\u00edguez se encontraba a bordo del avi\u00f3n cuando a\u00fan quedaban unas cuatro horas de vuelo para llegar a Espa\u00f1a.<\/p>\n\n\n\n<p>Por otra parte, el ministro del Interior, Fernando Grande-Marlaska, insisti\u00f3 en unas declaraciones en la isla de Mallorca que la vicepresidenta venezolana \u00abno ha pisado suelo de la Uni\u00f3n Europea\u00bb.<\/p>\n\n\n\n<p><strong>unionradio.net <\/strong><\/p>\n","protected":false},"excerpt":{"rendered":"<p>El Gobierno espa\u00f1ol asegur\u00f3 que las explicaciones iniciales sobre el encuentro entre el ministro de Fomento, Jos\u00e9 Luis \u00c1balos, y la vicepresidenta Delcy Rodr\u00edguez, fueron reducidas por la \u00abdiscreci\u00f3n diplom\u00e1tica\u00bb. \u00c1balos dio inicialmente \u00abuna versi\u00f3n reducida\u00bb de su encuentro con Rodr\u00edguez en el aeropuerto de Madrid porque \u00ablos asuntos diplom\u00e1ticos se llevan con discreci\u00f3n\u00bb y [&hellip;]<\/p>\n","protected":false},"author":2,"featured_media":159419,"comment_status":"closed","ping_status":"closed","sticky":false,"template":"","format":"standard","meta":{"footnotes":""},"categories":[5,9],"tags":[],"class_list":{"0":"post-159418","1":"post","2":"type-post","3":"status-publish","4":"format-standard","5":"has-post-thumbnail","7":"category-destacado","8":"category-nacionales"},"_links":{"self":[{"href":"https:\/\/elluchador.info\/index.php?rest_route=\/wp\/v2\/posts\/159418","targetHints":{"allow":["GET"]}}],"collection":[{"href":"https:\/\/elluchador.info\/index.php?rest_route=\/wp\/v2\/posts"}],"about":[{"href":"https:\/\/elluchador.info\/index.php?rest_route=\/wp\/v2\/types\/post"}],"author":[{"embeddable":true,"href":"https:\/\/elluchador.info\/index.php?rest_route=\/wp\/v2\/users\/2"}],"replies":[{"embeddable":true,"href":"https:\/\/elluchador.info\/index.php?rest_route=%2Fwp%2Fv2%2Fcomments&post=159418"}],"version-history":[{"count":1,"href":"https:\/\/elluchador.info\/index.php?rest_route=\/wp\/v2\/posts\/159418\/revisions"}],"predecessor-version":[{"id":159420,"href":"https:\/\/elluchador.info\/index.php?rest_route=\/wp\/v2\/posts\/159418\/revisions\/159420"}],"wp:featuredmedia":[{"embeddable":true,"href":"https:\/\/elluchador.info\/index.php?rest_route=\/wp\/v2\/media\/159419"}],"wp:attachment":[{"href":"https:\/\/elluchador.info\/index.php?rest_route=%2Fwp%2Fv2%2Fmedia&parent=159418"}],"wp:term":[{"taxonomy":"category","embeddable":true,"href":"https:\/\/elluchador.info\/index.php?rest_route=%2Fwp%2Fv2%2Fcategories&post=159418"},{"taxonomy":"post_tag","embeddable":true,"href":"https:\/\/elluchador.info\/index.php?rest_route=%2Fwp%2Fv2%2Ftags&post=159418"}],"curies":[{"name":"wp","href":"https:\/\/api.w.org\/{rel}","templated":true}]}}