{"id":159429,"date":"2020-01-28T14:10:46","date_gmt":"2020-01-28T18:10:46","guid":{"rendered":"https:\/\/elluchador.info\/web\/?p=159429"},"modified":"2020-01-28T12:55:43","modified_gmt":"2020-01-28T16:55:43","slug":"lebron-james-confiesa-que-se-siente-desconsolado-y-devastado-por-muerte-de-bryant","status":"publish","type":"post","link":"https:\/\/elluchador.info\/?p=159429","title":{"rendered":"LeBron James confiesa que se siente \u00abdesconsolado y devastado\u00bb por muerte de Bryant"},"content":{"rendered":"\n<p>Un d\u00eda despu\u00e9s darse la tragedia del accidente de helic\u00f3ptero en el que perdieron la vida el exescolta Kobe Bryant, su hija Gianna Mar\u00eda (Gigi), y otras siete personas m\u00e1s, el alero de Los \u00c1ngeles Lakers, LeBron James, dijo sentirse<strong>&nbsp;\u00abdesconsolado y devastado\u00bb<\/strong>&nbsp;por la p\u00e9rdida de su gran amigo y h\u00e9roe de infancia.<\/p>\n\n\n\n<p>En sus primeros comentarios sobre la muerte de Bryant, de 41 a\u00f1os, que le dio cinco t\u00edtulos de liga a los Lakers, y cuyo puesto de estrella tras retirarse fue ocupado por James, desde el 2018, el \u00abKing\u00bb utiliz\u00f3 el&nbsp;<strong>lunes la red social de Instagram<\/strong>&nbsp;en su intento de comunicar su dolor y las circunstancias personales anteriores que precedieron al tr\u00e1gico accidente.<\/p>\n\n\n\n<p>Como la mayor\u00eda de la comunidad de la NBA a ra\u00edz de la tragedia, James luch\u00f3 para expresar sus sentimientos en palabras, pero admiti\u00f3 que era muy duro y complicado el hacerlo.<br><br>De hecho reconoci\u00f3 que no estaba listo, pero consider\u00f3 que era necesario hablar de su gran \u00abh\u00e9roe\u00bb, \u00abmodelo\u00bb y \u00abamigo\u00bb.<\/p>\n\n\n\n<p><br><strong>\u00abNo estoy listo, pero aqu\u00ed voy\u00bb<\/strong>, comenz\u00f3 antes de revelar que \u00e9l y Bryant hab\u00edan hablado el domingo por la ma\u00f1ana, solo unas horas antes de que la leyenda de la NBA, al que la noche anterior le hab\u00eda batido la marca de tercer m\u00e1ximo encestador en la historia de la liga (33.643 puntos), y su hija, falleciesen.<\/p>\n\n\n\n<figure class=\"wp-block-image\"><img decoding=\"async\" src=\"https:\/\/unionradio.net\/wp-content\/uploads\/2020\/01\/Lebron-Kobe-palabras.jpg?x11019\" alt=\"\" class=\"wp-image-727923\"\/><figcaption>Palabras de Lebron James en memoria de Kobe Bryant<\/figcaption><\/figure>\n\n\n\n<p><br>\u00abLiteralmente escuch\u00e9 tu voz el domingo por la ma\u00f1ana antes de dejar Philly (Filadelfia) -la ciudad donde naci\u00f3 Bryant- para regresar a Los \u00c1ngeles\u00bb, escribi\u00f3 James. \u00abNo pens\u00e9 ni un instante, en un mill\u00f3n de a\u00f1os, que ser\u00eda la \u00faltima conversaci\u00f3n que tendr\u00edamos\u00bb.<br><br>James continu\u00f3 enfatizando cu\u00e1nto significaba Bryant para todos y especialmente para los fan\u00e1ticos y la comunidad de Los \u00c1ngeles Lakers.<br><br>EFE\/Uni\u00f3n Radio<\/p>\n","protected":false},"excerpt":{"rendered":"<p>Un d\u00eda despu\u00e9s darse la tragedia del accidente de helic\u00f3ptero en el que perdieron la vida el exescolta Kobe Bryant, su hija Gianna Mar\u00eda (Gigi), y otras siete personas m\u00e1s, el alero de Los \u00c1ngeles Lakers, LeBron James, dijo sentirse&nbsp;\u00abdesconsolado y devastado\u00bb&nbsp;por la p\u00e9rdida de su gran amigo y h\u00e9roe de infancia. En sus primeros [&hellip;]<\/p>\n","protected":false},"author":2,"featured_media":159433,"comment_status":"closed","ping_status":"closed","sticky":false,"template":"","format":"standard","meta":{"footnotes":""},"categories":[4],"tags":[],"class_list":{"0":"post-159429","1":"post","2":"type-post","3":"status-publish","4":"format-standard","5":"has-post-thumbnail","7":"category-deportes"},"_links":{"self":[{"href":"https:\/\/elluchador.info\/index.php?rest_route=\/wp\/v2\/posts\/159429","targetHints":{"allow":["GET"]}}],"collection":[{"href":"https:\/\/elluchador.info\/index.php?rest_route=\/wp\/v2\/posts"}],"about":[{"href":"https:\/\/elluchador.info\/index.php?rest_route=\/wp\/v2\/types\/post"}],"author":[{"embeddable":true,"href":"https:\/\/elluchador.info\/index.php?rest_route=\/wp\/v2\/users\/2"}],"replies":[{"embeddable":true,"href":"https:\/\/elluchador.info\/index.php?rest_route=%2Fwp%2Fv2%2Fcomments&post=159429"}],"version-history":[{"count":1,"href":"https:\/\/elluchador.info\/index.php?rest_route=\/wp\/v2\/posts\/159429\/revisions"}],"predecessor-version":[{"id":159434,"href":"https:\/\/elluchador.info\/index.php?rest_route=\/wp\/v2\/posts\/159429\/revisions\/159434"}],"wp:featuredmedia":[{"embeddable":true,"href":"https:\/\/elluchador.info\/index.php?rest_route=\/wp\/v2\/media\/159433"}],"wp:attachment":[{"href":"https:\/\/elluchador.info\/index.php?rest_route=%2Fwp%2Fv2%2Fmedia&parent=159429"}],"wp:term":[{"taxonomy":"category","embeddable":true,"href":"https:\/\/elluchador.info\/index.php?rest_route=%2Fwp%2Fv2%2Fcategories&post=159429"},{"taxonomy":"post_tag","embeddable":true,"href":"https:\/\/elluchador.info\/index.php?rest_route=%2Fwp%2Fv2%2Ftags&post=159429"}],"curies":[{"name":"wp","href":"https:\/\/api.w.org\/{rel}","templated":true}]}}