{"id":159456,"date":"2020-01-28T16:24:25","date_gmt":"2020-01-28T20:24:25","guid":{"rendered":"https:\/\/elluchador.info\/web\/?p=159456"},"modified":"2020-01-28T13:39:48","modified_gmt":"2020-01-28T17:39:48","slug":"gobierno-colombiano-creara-un-millon-de-empleos-con-un-pacto-empresarial","status":"publish","type":"post","link":"https:\/\/elluchador.info\/?p=159456","title":{"rendered":"Gobierno colombiano crear\u00e1 un mill\u00f3n de empleos con un pacto empresarial"},"content":{"rendered":"\n<p>El Gobierno colombiano firm\u00f3 este lunes pactos con empresarios de diferentes sectores para crear en los pr\u00f3ximos dos a\u00f1os 1,1 millones nuevos puestos de trabajo que le permitir\u00e1n bajar la tasa de desempleo, que en noviembre del a\u00f1o pasado fue de 9,3 %.<\/p>\n\n\n\n<p>\u00abEl objetivo es formalizar y generar nuevos empleos para los colombianos, darle mayor competitividad al aparato productivo colombiano y aumentar las exportaciones nacionales. Necesitamos crecer, basados en el mercado interno e internacional\u00bb, dijo a periodistas la vicepresidenta Marta Luc\u00eda Ram\u00edrez.<\/p>\n\n\n\n<p>La funcionaria explic\u00f3 que \u00abes necesario ver c\u00f3mo ajustamos el modelo actual con una producci\u00f3n m\u00e1s din\u00e1mica, con m\u00e1s innovaci\u00f3n, con el foco de que los empleos que producimos sirvan para sacar a los colombianos de la pobreza\u00bb.<\/p>\n\n\n\n<p>Se espera que con este pacto, en el que participaron 110 gremios de 22 sectores, se genere empleo para aportar m\u00e1s de 57 billones de pesos (unos 16.767 millones de d\u00f3lares) al crecimiento de la econom\u00eda.<\/p>\n\n\n\n<p>EFE<\/p>\n","protected":false},"excerpt":{"rendered":"<p>El Gobierno colombiano firm\u00f3 este lunes pactos con empresarios de diferentes sectores para crear en los pr\u00f3ximos dos a\u00f1os 1,1 millones nuevos puestos de trabajo que le permitir\u00e1n bajar la tasa de desempleo, que en noviembre del a\u00f1o pasado fue de 9,3 %. \u00abEl objetivo es formalizar y generar nuevos empleos para los colombianos, darle [&hellip;]<\/p>\n","protected":false},"author":2,"featured_media":159463,"comment_status":"closed","ping_status":"closed","sticky":false,"template":"","format":"standard","meta":{"footnotes":""},"categories":[6],"tags":[],"class_list":{"0":"post-159456","1":"post","2":"type-post","3":"status-publish","4":"format-standard","5":"has-post-thumbnail","7":"category-economia"},"_links":{"self":[{"href":"https:\/\/elluchador.info\/index.php?rest_route=\/wp\/v2\/posts\/159456","targetHints":{"allow":["GET"]}}],"collection":[{"href":"https:\/\/elluchador.info\/index.php?rest_route=\/wp\/v2\/posts"}],"about":[{"href":"https:\/\/elluchador.info\/index.php?rest_route=\/wp\/v2\/types\/post"}],"author":[{"embeddable":true,"href":"https:\/\/elluchador.info\/index.php?rest_route=\/wp\/v2\/users\/2"}],"replies":[{"embeddable":true,"href":"https:\/\/elluchador.info\/index.php?rest_route=%2Fwp%2Fv2%2Fcomments&post=159456"}],"version-history":[{"count":1,"href":"https:\/\/elluchador.info\/index.php?rest_route=\/wp\/v2\/posts\/159456\/revisions"}],"predecessor-version":[{"id":159464,"href":"https:\/\/elluchador.info\/index.php?rest_route=\/wp\/v2\/posts\/159456\/revisions\/159464"}],"wp:featuredmedia":[{"embeddable":true,"href":"https:\/\/elluchador.info\/index.php?rest_route=\/wp\/v2\/media\/159463"}],"wp:attachment":[{"href":"https:\/\/elluchador.info\/index.php?rest_route=%2Fwp%2Fv2%2Fmedia&parent=159456"}],"wp:term":[{"taxonomy":"category","embeddable":true,"href":"https:\/\/elluchador.info\/index.php?rest_route=%2Fwp%2Fv2%2Fcategories&post=159456"},{"taxonomy":"post_tag","embeddable":true,"href":"https:\/\/elluchador.info\/index.php?rest_route=%2Fwp%2Fv2%2Ftags&post=159456"}],"curies":[{"name":"wp","href":"https:\/\/api.w.org\/{rel}","templated":true}]}}