{"id":159471,"date":"2020-01-28T14:47:44","date_gmt":"2020-01-28T18:47:44","guid":{"rendered":"https:\/\/elluchador.info\/web\/?p=159471"},"modified":"2020-01-28T13:55:00","modified_gmt":"2020-01-28T17:55:00","slug":"selena-gomez-dice-que-sufrio-abuso-emocional-cuando-fue-pareja-de-bieber","status":"publish","type":"post","link":"https:\/\/elluchador.info\/?p=159471","title":{"rendered":"Selena G\u00f3mez dice que sufri\u00f3 \u00ababuso\u00bb emocional cuando fue pareja de Bieber"},"content":{"rendered":"\n<p>\n\nSelena G\u00f3mez revel\u00f3 que se sinti\u00f3 v\u00edctima de \u00ababuso\u00bb emocional durante su relaci\u00f3n con el tambi\u00e9n cantante Justin Bieber y, si bien dijo no querer ser \u00abirrespetuosa\u00bb, asegur\u00f3 que es \u00abpeligroso permanecer en una mentalidad de v\u00edctima\u00bb.<\/p>\n\n\n\n<p>La cantante estadounidense de origen mexicano, de 27 a\u00f1os, se expres\u00f3 as\u00ed en una entrevista amplia con la emisora p\u00fablica de radio NPR cuando se le pregunt\u00f3 por el adi\u00f3s velado que dedica a Bieber, con quien mantuvo una relaci\u00f3n amorosa intermitente entre 2014 y 2018, en su canci\u00f3n \u00abLose You To Love Me\u00bb.<\/p>\n\n\n\n<p>\u00abNo estoy siendo irrespetuosa, pero s\u00ed siento que fui v\u00edctima de cierto abuso\u00bb, dijo la artista, que se\u00f1al\u00f3 asimismo haber salido m\u00e1s fuerte de la situaci\u00f3n.<\/p>\n\n\n\n<p>\u00abAunque no quiero pasarme la vida hablando de esto, estoy muy orgullosa de poder decir que me siento m\u00e1s fuerte que nunca y que he encontrado una manera de pasar por ello con la mayor elegancia posible\u00bb, asever\u00f3.<\/p>\n\n\n\n<p>Sobre \u00abLose You To Love Me\u00bb, la estadounidense dijo estar tambi\u00e9n \u00abmuy orgullosa\u00bb y apunt\u00f3 que la canci\u00f3n ahora tiene un significado distinto para ella del que ten\u00eda cuando lo escribi\u00f3.<\/p>\n\n\n\n<p>\u00abFue muy dif\u00edcil y estoy contenta de que ya lleg\u00f3 a su fin. Y siento que fue una buena forma de decir &#8216;ya est\u00e1 hecho'\u00bb, dijo sobre la canci\u00f3n G\u00f3mez, que afirm\u00f3 estar iniciando un nuevo cap\u00edtulo.<\/p>\n\n\n\n<p>La expareja despert\u00f3 los primeros rumores sobre una relaci\u00f3n en 2011 que se confirm\u00f3 en 2014 y que lleg\u00f3 a su fin en 2018.<\/p>\n\n\n\n<p>Pocos meses despu\u00e9s, Bieber le pidi\u00f3 matrimonio a su actual esposa, la modelo Hailey Baldwin, con la que se cas\u00f3 por primera vez en septiembre de 2018 en una ceremonia privada y por segunda vez en septiembre de 2019 en un festejo m\u00e1s p\u00fablico. <\/p>\n\n\n\n<p> Panorama<\/p>\n","protected":false},"excerpt":{"rendered":"<p>Selena G\u00f3mez revel\u00f3 que se sinti\u00f3 v\u00edctima de \u00ababuso\u00bb emocional durante su relaci\u00f3n con el tambi\u00e9n cantante Justin Bieber y, si bien dijo no querer ser \u00abirrespetuosa\u00bb, asegur\u00f3 que es \u00abpeligroso permanecer en una mentalidad de v\u00edctima\u00bb. La cantante estadounidense de origen mexicano, de 27 a\u00f1os, se expres\u00f3 as\u00ed en una entrevista amplia con la [&hellip;]<\/p>\n","protected":false},"author":2,"featured_media":16358,"comment_status":"closed","ping_status":"closed","sticky":false,"template":"","format":"standard","meta":{"footnotes":""},"categories":[7],"tags":[],"class_list":{"0":"post-159471","1":"post","2":"type-post","3":"status-publish","4":"format-standard","5":"has-post-thumbnail","7":"category-entretenimiento"},"_links":{"self":[{"href":"https:\/\/elluchador.info\/index.php?rest_route=\/wp\/v2\/posts\/159471","targetHints":{"allow":["GET"]}}],"collection":[{"href":"https:\/\/elluchador.info\/index.php?rest_route=\/wp\/v2\/posts"}],"about":[{"href":"https:\/\/elluchador.info\/index.php?rest_route=\/wp\/v2\/types\/post"}],"author":[{"embeddable":true,"href":"https:\/\/elluchador.info\/index.php?rest_route=\/wp\/v2\/users\/2"}],"replies":[{"embeddable":true,"href":"https:\/\/elluchador.info\/index.php?rest_route=%2Fwp%2Fv2%2Fcomments&post=159471"}],"version-history":[{"count":1,"href":"https:\/\/elluchador.info\/index.php?rest_route=\/wp\/v2\/posts\/159471\/revisions"}],"predecessor-version":[{"id":159475,"href":"https:\/\/elluchador.info\/index.php?rest_route=\/wp\/v2\/posts\/159471\/revisions\/159475"}],"wp:featuredmedia":[{"embeddable":true,"href":"https:\/\/elluchador.info\/index.php?rest_route=\/wp\/v2\/media\/16358"}],"wp:attachment":[{"href":"https:\/\/elluchador.info\/index.php?rest_route=%2Fwp%2Fv2%2Fmedia&parent=159471"}],"wp:term":[{"taxonomy":"category","embeddable":true,"href":"https:\/\/elluchador.info\/index.php?rest_route=%2Fwp%2Fv2%2Fcategories&post=159471"},{"taxonomy":"post_tag","embeddable":true,"href":"https:\/\/elluchador.info\/index.php?rest_route=%2Fwp%2Fv2%2Ftags&post=159471"}],"curies":[{"name":"wp","href":"https:\/\/api.w.org\/{rel}","templated":true}]}}