{"id":159490,"date":"2020-01-28T16:17:56","date_gmt":"2020-01-28T20:17:56","guid":{"rendered":"https:\/\/elluchador.info\/web\/?p=159490"},"modified":"2020-01-28T15:52:30","modified_gmt":"2020-01-28T19:52:30","slug":"gestion-justo-noguera-pietri-promueve-el-fortalecimiento-de-la-identidad-propia","status":"publish","type":"post","link":"https:\/\/elluchador.info\/?p=159490","title":{"rendered":"Gesti\u00f3n Justo Noguera Pietri promueve el fortalecimiento de la identidad propia"},"content":{"rendered":"\n<p>Cumpliendo lineamientos emanados por el presidente Nicol\u00e1s Maduro en cuanto a inclusi\u00f3n y atenci\u00f3n integral, \u00a0la gesti\u00f3n cultural del gobernador Justo Noguera Pietri representado por Instituto Aut\u00f3nomo Ind\u00edgena del estado Bol\u00edvar (IAIEB) dirigido por el joven revolucionario y socialista Pedro Requena, dijo presente en la comunidad Kari\u00f1a, Camurica del municipio Sucre en una jornada cultural en busca del fortalecimiento de las tradiciones, ra\u00edces e identidad de la cultura ancestral.<\/p>\n\n\n\n<p>En esta\nactividad&nbsp; se reunieron habitantes de&nbsp; cinco &nbsp;comunidades quienes\nrealizaron manifestaciones culturales en dos expresiones tradicionales con\nmotivo de honrar la memoria de los sabios de&nbsp; este pueblo, El Mare Mare y\nLa Llora, adem\u00e1s de la II edici\u00f3n del Festival Kari\u00f1a donde dijeron presente\nautoridades leg\u00edtimas de los diferentes pueblos de esta comunidades con el fin\nde fortalecer y proyectar la identidad cultural del pueblo Kari\u00f1a enalteciendo\nsu cultura.<\/p>\n\n\n\n<p>Aunado a esto el\ndirector del Instituto Aut\u00f3nomo Ind\u00edgena del estado Bol\u00edvar, Pedro Requena,\nindic\u00f3 que \u201ciniciamos &nbsp;este a\u00f1o 2020 haciendo presencia en nuestros pueblos\npara entablar alianzas y estrategias para lograr encuentros culturales como\nestos pero a nivel regional para fortalecer las expresiones culturales de nuestros\npueblos originarios, de manera que podamos promover y enaltecer nuestra\nidentidad\u201d.<\/p>\n\n\n\n<p>Explic\u00f3 que con el\napoyo del gobernador Justo Noguera Pietri,&nbsp;&nbsp;se siguen ganando\nespacios en los corazones de todos los ciudadanos y ciudadanas. Indic\u00f3 que a\ntrav\u00e9s de la gesti\u00f3n gubernamental se avanza en proyectos culturales y\ntradicionales desde los 19 pueblos originarios del estado, dirigidos a hacer de\nBol\u00edvar una potencia en el aspecto cultural.<\/p>\n\n\n\n<p><strong>Lo que viene<\/strong><\/p>\n\n\n\n<p>El titular de la\ncartera ind\u00edgenas, destac\u00f3 que este tipo de iniciativa de desarrollar\nactividades que permitan difundir las manifestaciones culturales de los pueblos\noriginarios, forma parte de la pol\u00edtica cultural que viene adelantando el\nEjecutivo regional a trav\u00e9s del Instituto Ind\u00edgena Bol\u00edvar, con el prop\u00f3sito de\nafianzar el sentido de pertenencia y promocionar las manifestaciones originarias,\nas\u00ed como tambi\u00e9n fomentar el respeto a la diversidad pluricultural y\nmultiling\u00fc\u00edstica, con sus formas de creaci\u00f3n y expresi\u00f3n que son parte de la\nidentidad cultural.<\/p>\n\n\n\n<p>\u201cLa l\u00ednea de acci\u00f3n\nformaci\u00f3n e informaci\u00f3n desde los abuelos, juventud y ni\u00f1os. Este a\u00f1o seguir\u00e1\nenfocada en la atenci\u00f3n a&nbsp; nuestros hermanos actores que hacen vida en las\ndistintas comunidades, a trav\u00e9s de los consejos comunales o autoridades leg\u00edtimas\npara obtener una participaci\u00f3n colectiva en estos encuentros los cuales\nqueremos llevarlos a nivel regional, promoviendo y fortaleciendo as\u00ed la\n&nbsp;identidad de nuestros pueblos con estas manifestaciones culturales\u201d, mencion\u00f3\nPedro Requena, director ejecutivo de IAIEB.<\/p>\n\n\n\n<p>Asever\u00f3 que\n&nbsp;adem\u00e1s de mantener y fortalecer la tradici\u00f3n e identidad de cada pueblo\noriginario, se busca desarrollar la autodeterminaci\u00f3n en cuanto a la visi\u00f3n de\nlos pueblos y comunidades ind\u00edgenas, haci\u00e9ndolos menos dependiente de la cultura\nglobalizada, confiando&nbsp; m\u00e1s en sus potencialidades&nbsp; en virtud al\navance y partiendo de ese conocimiento ancestral que por a\u00f1os han sido\ntransmitido y han dejado una gran huella.<\/p>\n\n\n\n<p><strong>Desarrollo integral<\/strong><\/p>\n\n\n\n<p>El tambi\u00e9n l\u00edder de la juventud ind\u00edgena del estado Bol\u00edvar, expres\u00f3 que se hizo entrega de material educativo a las comunidades ind\u00edgenas Camurica, San Antonio del Orinoco y Tres Moriches con el fin de contribuir al desarrollo integral y educativo de la poblaci\u00f3n infantil de estas comunidades, que han sido\u00a0 visibilizadas en Revoluci\u00f3n, gracias al Comandante y L\u00edder Hugo Ch\u00e1vez Fr\u00edas quien inici\u00f3 la unificaci\u00f3n y la \u00a0integraci\u00f3n en una Venezuela pluricultural.<\/p>\n\n\n\n<p><strong>Prensa IAIEB\/EA<\/strong><\/p>\n","protected":false},"excerpt":{"rendered":"<p>Cumpliendo lineamientos emanados por el presidente Nicol\u00e1s Maduro en cuanto a inclusi\u00f3n y atenci\u00f3n integral, \u00a0la gesti\u00f3n cultural del gobernador Justo Noguera Pietri representado por Instituto Aut\u00f3nomo Ind\u00edgena del estado Bol\u00edvar (IAIEB) dirigido por el joven revolucionario y socialista Pedro Requena, dijo presente en la comunidad Kari\u00f1a, Camurica del municipio Sucre en una jornada cultural [&hellip;]<\/p>\n","protected":false},"author":2,"featured_media":159501,"comment_status":"closed","ping_status":"closed","sticky":false,"template":"","format":"standard","meta":{"footnotes":""},"categories":[12],"tags":[],"class_list":{"0":"post-159490","1":"post","2":"type-post","3":"status-publish","4":"format-standard","5":"has-post-thumbnail","7":"category-regionales"},"_links":{"self":[{"href":"https:\/\/elluchador.info\/index.php?rest_route=\/wp\/v2\/posts\/159490","targetHints":{"allow":["GET"]}}],"collection":[{"href":"https:\/\/elluchador.info\/index.php?rest_route=\/wp\/v2\/posts"}],"about":[{"href":"https:\/\/elluchador.info\/index.php?rest_route=\/wp\/v2\/types\/post"}],"author":[{"embeddable":true,"href":"https:\/\/elluchador.info\/index.php?rest_route=\/wp\/v2\/users\/2"}],"replies":[{"embeddable":true,"href":"https:\/\/elluchador.info\/index.php?rest_route=%2Fwp%2Fv2%2Fcomments&post=159490"}],"version-history":[{"count":1,"href":"https:\/\/elluchador.info\/index.php?rest_route=\/wp\/v2\/posts\/159490\/revisions"}],"predecessor-version":[{"id":159502,"href":"https:\/\/elluchador.info\/index.php?rest_route=\/wp\/v2\/posts\/159490\/revisions\/159502"}],"wp:featuredmedia":[{"embeddable":true,"href":"https:\/\/elluchador.info\/index.php?rest_route=\/wp\/v2\/media\/159501"}],"wp:attachment":[{"href":"https:\/\/elluchador.info\/index.php?rest_route=%2Fwp%2Fv2%2Fmedia&parent=159490"}],"wp:term":[{"taxonomy":"category","embeddable":true,"href":"https:\/\/elluchador.info\/index.php?rest_route=%2Fwp%2Fv2%2Fcategories&post=159490"},{"taxonomy":"post_tag","embeddable":true,"href":"https:\/\/elluchador.info\/index.php?rest_route=%2Fwp%2Fv2%2Ftags&post=159490"}],"curies":[{"name":"wp","href":"https:\/\/api.w.org\/{rel}","templated":true}]}}