{"id":159503,"date":"2020-01-28T16:30:56","date_gmt":"2020-01-28T20:30:56","guid":{"rendered":"https:\/\/elluchador.info\/web\/?p=159503"},"modified":"2020-01-28T16:02:43","modified_gmt":"2020-01-28T20:02:43","slug":"al-menos-13-muertos-y-3-heridos-deja-accidente-vial-en-bolivia","status":"publish","type":"post","link":"https:\/\/elluchador.info\/?p=159503","title":{"rendered":"Al menos 13 muertos y 3 heridos deja accidente vial en Bolivia"},"content":{"rendered":"\n<p>Al menos&nbsp;<strong>13 personas fallecieron<\/strong>&nbsp;y otras&nbsp;<strong>3 resultaron heridas<\/strong>&nbsp;este martes en un&nbsp;<strong>accidente<\/strong>&nbsp;entre&nbsp;<strong>un cami\u00f3n y un veh\u00edculo de tipo minib\u00fas<\/strong>&nbsp;en una carretera del<strong>&nbsp;departamento de La Paz<\/strong>, informaron fuentes oficiales.<\/p>\n\n\n\n<p>El siniestro ocurri\u00f3 en la ma\u00f1ana en horas de la ma\u00f1ana en la carretera a la localidad de<strong>&nbsp;Chaguaya<\/strong>, situada unos&nbsp;<strong>120 kil\u00f3metros de distancia&nbsp;<\/strong>de la ciudad de&nbsp;<strong>La Paz<\/strong>, explic\u00f3 a los medios el director departamental de Tr\u00e1nsito en La Paz,&nbsp;<strong>Julio Cordero.<\/strong><\/p>\n\n\n\n<p>Las&nbsp;<strong>tres personas heridas fueron trasladadas a un hospital<\/strong>&nbsp;cercano, sin que hayan trascendido datos sobre su estado todav\u00eda.<\/p>\n\n\n\n<p>De acuerdo al director de tr\u00e1nsito de la ciudad de&nbsp;<strong>El Alto<\/strong>, coronel&nbsp;<strong>Osvaldo Fuentes<\/strong>,&nbsp;<strong>el cami\u00f3n estaba saliendo de un centro minero<\/strong>&nbsp;y el<strong>&nbsp;minib\u00fas se dirig\u00eda hacia la localidad de Chaguaya.<\/strong><\/p>\n\n\n\n<p>EFE<\/p>\n","protected":false},"excerpt":{"rendered":"<p>Al menos&nbsp;13 personas fallecieron&nbsp;y otras&nbsp;3 resultaron heridas&nbsp;este martes en un&nbsp;accidente&nbsp;entre&nbsp;un cami\u00f3n y un veh\u00edculo de tipo minib\u00fas&nbsp;en una carretera del&nbsp;departamento de La Paz, informaron fuentes oficiales. El siniestro ocurri\u00f3 en la ma\u00f1ana en horas de la ma\u00f1ana en la carretera a la localidad de&nbsp;Chaguaya, situada unos&nbsp;120 kil\u00f3metros de distancia&nbsp;de la ciudad de&nbsp;La Paz, explic\u00f3 a [&hellip;]<\/p>\n","protected":false},"author":2,"featured_media":159504,"comment_status":"closed","ping_status":"closed","sticky":false,"template":"","format":"standard","meta":{"footnotes":""},"categories":[8],"tags":[],"class_list":{"0":"post-159503","1":"post","2":"type-post","3":"status-publish","4":"format-standard","5":"has-post-thumbnail","7":"category-internacionales"},"_links":{"self":[{"href":"https:\/\/elluchador.info\/index.php?rest_route=\/wp\/v2\/posts\/159503","targetHints":{"allow":["GET"]}}],"collection":[{"href":"https:\/\/elluchador.info\/index.php?rest_route=\/wp\/v2\/posts"}],"about":[{"href":"https:\/\/elluchador.info\/index.php?rest_route=\/wp\/v2\/types\/post"}],"author":[{"embeddable":true,"href":"https:\/\/elluchador.info\/index.php?rest_route=\/wp\/v2\/users\/2"}],"replies":[{"embeddable":true,"href":"https:\/\/elluchador.info\/index.php?rest_route=%2Fwp%2Fv2%2Fcomments&post=159503"}],"version-history":[{"count":1,"href":"https:\/\/elluchador.info\/index.php?rest_route=\/wp\/v2\/posts\/159503\/revisions"}],"predecessor-version":[{"id":159506,"href":"https:\/\/elluchador.info\/index.php?rest_route=\/wp\/v2\/posts\/159503\/revisions\/159506"}],"wp:featuredmedia":[{"embeddable":true,"href":"https:\/\/elluchador.info\/index.php?rest_route=\/wp\/v2\/media\/159504"}],"wp:attachment":[{"href":"https:\/\/elluchador.info\/index.php?rest_route=%2Fwp%2Fv2%2Fmedia&parent=159503"}],"wp:term":[{"taxonomy":"category","embeddable":true,"href":"https:\/\/elluchador.info\/index.php?rest_route=%2Fwp%2Fv2%2Fcategories&post=159503"},{"taxonomy":"post_tag","embeddable":true,"href":"https:\/\/elluchador.info\/index.php?rest_route=%2Fwp%2Fv2%2Ftags&post=159503"}],"curies":[{"name":"wp","href":"https:\/\/api.w.org\/{rel}","templated":true}]}}