{"id":159521,"date":"2020-01-28T17:21:27","date_gmt":"2020-01-28T21:21:27","guid":{"rendered":"https:\/\/elluchador.info\/web\/?p=159521"},"modified":"2020-01-28T16:55:33","modified_gmt":"2020-01-28T20:55:33","slug":"haiti-se-incorpora-al-grupo-de-lima","status":"publish","type":"post","link":"https:\/\/elluchador.info\/?p=159521","title":{"rendered":"Hait\u00ed se incorpora al Grupo de Lima"},"content":{"rendered":"\n<p>La canciller\u00eda de Per\u00fa anunci\u00f3 este martes la incorporaci\u00f3n de Hait\u00ed a los esfuerzos del Grupo de Lima, tras ser aceptada la solicitud del canciller haitiano para incorporarse al bloque, para busca una salida pac\u00edfica a la crisis de Venezuela.<\/p>\n\n\n\n<p>Hait\u00ed aspira contribuir para lograr una soluci\u00f3n pac\u00edfica, democr\u00e1tica y constitucional en Venezuela conducida por los propios venezolanos a trav\u00e9s de elecciones libres, justas y transparentes.<\/p>\n\n\n\n<p>La informaci\u00f3n fue dada a conocer por la canciller\u00eda peruana, a trav\u00e9s de su cuenta en Twitter.<\/p>\n\n\n\n<figure class=\"wp-block-embed-twitter wp-block-embed is-type-rich is-provider-twitter\"><div class=\"wp-block-embed__wrapper\">\n<blockquote class=\"twitter-tweet\" data-width=\"550\" data-dnt=\"true\"><p lang=\"es\" dir=\"ltr\">Hait\u00ed se suma a los esfuerzos del Grupo de Lima, de contribuir a lograr una soluci\u00f3n pac\u00edfica, democr\u00e1tica y constitucional en Venezuela, conducida por los propios venezolanos, a trav\u00e9s de elecciones generales libres, justas y transparentes<\/p>&mdash; Canciller\u00eda Per\u00fa\ud83c\uddf5\ud83c\uddea (@CancilleriaPeru) <a href=\"https:\/\/twitter.com\/CancilleriaPeru\/status\/1222181727293980673?ref_src=twsrc%5Etfw\">January 28, 2020<\/a><\/blockquote><script async src=\"https:\/\/platform.twitter.com\/widgets.js\" charset=\"utf-8\"><\/script>\n<\/div><\/figure>\n\n\n\n<p>Uni\u00f3n Radio<\/p>\n","protected":false},"excerpt":{"rendered":"<p>La canciller\u00eda de Per\u00fa anunci\u00f3 este martes la incorporaci\u00f3n de Hait\u00ed a los esfuerzos del Grupo de Lima, tras ser aceptada la solicitud del canciller haitiano para incorporarse al bloque, para busca una salida pac\u00edfica a la crisis de Venezuela. Hait\u00ed aspira contribuir para lograr una soluci\u00f3n pac\u00edfica, democr\u00e1tica y constitucional en Venezuela conducida por [&hellip;]<\/p>\n","protected":false},"author":2,"featured_media":159523,"comment_status":"closed","ping_status":"closed","sticky":false,"template":"","format":"standard","meta":{"footnotes":""},"categories":[5,8],"tags":[],"class_list":{"0":"post-159521","1":"post","2":"type-post","3":"status-publish","4":"format-standard","5":"has-post-thumbnail","7":"category-destacado","8":"category-internacionales"},"_links":{"self":[{"href":"https:\/\/elluchador.info\/index.php?rest_route=\/wp\/v2\/posts\/159521","targetHints":{"allow":["GET"]}}],"collection":[{"href":"https:\/\/elluchador.info\/index.php?rest_route=\/wp\/v2\/posts"}],"about":[{"href":"https:\/\/elluchador.info\/index.php?rest_route=\/wp\/v2\/types\/post"}],"author":[{"embeddable":true,"href":"https:\/\/elluchador.info\/index.php?rest_route=\/wp\/v2\/users\/2"}],"replies":[{"embeddable":true,"href":"https:\/\/elluchador.info\/index.php?rest_route=%2Fwp%2Fv2%2Fcomments&post=159521"}],"version-history":[{"count":1,"href":"https:\/\/elluchador.info\/index.php?rest_route=\/wp\/v2\/posts\/159521\/revisions"}],"predecessor-version":[{"id":159524,"href":"https:\/\/elluchador.info\/index.php?rest_route=\/wp\/v2\/posts\/159521\/revisions\/159524"}],"wp:featuredmedia":[{"embeddable":true,"href":"https:\/\/elluchador.info\/index.php?rest_route=\/wp\/v2\/media\/159523"}],"wp:attachment":[{"href":"https:\/\/elluchador.info\/index.php?rest_route=%2Fwp%2Fv2%2Fmedia&parent=159521"}],"wp:term":[{"taxonomy":"category","embeddable":true,"href":"https:\/\/elluchador.info\/index.php?rest_route=%2Fwp%2Fv2%2Fcategories&post=159521"},{"taxonomy":"post_tag","embeddable":true,"href":"https:\/\/elluchador.info\/index.php?rest_route=%2Fwp%2Fv2%2Ftags&post=159521"}],"curies":[{"name":"wp","href":"https:\/\/api.w.org\/{rel}","templated":true}]}}