{"id":159528,"date":"2020-01-29T09:41:25","date_gmt":"2020-01-29T13:41:25","guid":{"rendered":"https:\/\/elluchador.info\/web\/?p=159528"},"modified":"2020-01-29T09:31:39","modified_gmt":"2020-01-29T13:31:39","slug":"saab-dicto-privativa-de-libertad-contra-la-ex-congresista-aida-merlano","status":"publish","type":"post","link":"https:\/\/elluchador.info\/?p=159528","title":{"rendered":"Saab dict\u00f3 privativa de libertad contra la ex congresista A\u00edda Merlano"},"content":{"rendered":"\n<p>El Ministerio P\u00fablico del r\u00e9gimen\nde Nicol\u00e1s Maduro dict\u00f3 privativa de libertad contra la ex congresista\ncolombiana A\u00edda Merlano, detenida el 27 de enero en Maracaibo por las\nautoridades venezolanas.<\/p>\n\n\n\n<p>Tarek William Saab, fiscal\ngeneral designado por la asamblea nacional constituyente, indic\u00f3 que Merlano se\npresent\u00f3 ante el juzgado 13 de control del estado Zulia. <\/p>\n\n\n\n<p>\u00abDicha ciudadana ha sido imputada\npor el fiscal 35 nacional por los delitos de usurpaci\u00f3n de identidad, uso de\ndocumento falso y asociaci\u00f3n para delinquir\u00ab, agreg\u00f3 Saab.<\/p>\n\n\n\n<p>Se\u00f1al\u00f3 que asimismo se imput\u00f3 a\nYeico Manuel Vargas Silvera, de nacionalidad colombiana. En su caso los delitos\nson encubrimiento y asociaci\u00f3n para delinquir. <\/p>\n\n\n\n<p>Ambos quedar\u00e1n privados de libertad en un centro de reclusi\u00f3n debidamente previsto por las autoridades judiciales del pa\u00eds. <\/p>\n\n\n\n<p><strong>Elnacional.com <\/strong><\/p>\n","protected":false},"excerpt":{"rendered":"<p>El Ministerio P\u00fablico del r\u00e9gimen de Nicol\u00e1s Maduro dict\u00f3 privativa de libertad contra la ex congresista colombiana A\u00edda Merlano, detenida el 27 de enero en Maracaibo por las autoridades venezolanas. Tarek William Saab, fiscal general designado por la asamblea nacional constituyente, indic\u00f3 que Merlano se present\u00f3 ante el juzgado 13 de control del estado Zulia. [&hellip;]<\/p>\n","protected":false},"author":2,"featured_media":159529,"comment_status":"closed","ping_status":"closed","sticky":false,"template":"","format":"standard","meta":{"footnotes":""},"categories":[5,9],"tags":[],"class_list":{"0":"post-159528","1":"post","2":"type-post","3":"status-publish","4":"format-standard","5":"has-post-thumbnail","7":"category-destacado","8":"category-nacionales"},"_links":{"self":[{"href":"https:\/\/elluchador.info\/index.php?rest_route=\/wp\/v2\/posts\/159528","targetHints":{"allow":["GET"]}}],"collection":[{"href":"https:\/\/elluchador.info\/index.php?rest_route=\/wp\/v2\/posts"}],"about":[{"href":"https:\/\/elluchador.info\/index.php?rest_route=\/wp\/v2\/types\/post"}],"author":[{"embeddable":true,"href":"https:\/\/elluchador.info\/index.php?rest_route=\/wp\/v2\/users\/2"}],"replies":[{"embeddable":true,"href":"https:\/\/elluchador.info\/index.php?rest_route=%2Fwp%2Fv2%2Fcomments&post=159528"}],"version-history":[{"count":1,"href":"https:\/\/elluchador.info\/index.php?rest_route=\/wp\/v2\/posts\/159528\/revisions"}],"predecessor-version":[{"id":159530,"href":"https:\/\/elluchador.info\/index.php?rest_route=\/wp\/v2\/posts\/159528\/revisions\/159530"}],"wp:featuredmedia":[{"embeddable":true,"href":"https:\/\/elluchador.info\/index.php?rest_route=\/wp\/v2\/media\/159529"}],"wp:attachment":[{"href":"https:\/\/elluchador.info\/index.php?rest_route=%2Fwp%2Fv2%2Fmedia&parent=159528"}],"wp:term":[{"taxonomy":"category","embeddable":true,"href":"https:\/\/elluchador.info\/index.php?rest_route=%2Fwp%2Fv2%2Fcategories&post=159528"},{"taxonomy":"post_tag","embeddable":true,"href":"https:\/\/elluchador.info\/index.php?rest_route=%2Fwp%2Fv2%2Ftags&post=159528"}],"curies":[{"name":"wp","href":"https:\/\/api.w.org\/{rel}","templated":true}]}}