{"id":159534,"date":"2020-01-29T09:48:31","date_gmt":"2020-01-29T13:48:31","guid":{"rendered":"https:\/\/elluchador.info\/web\/?p=159534"},"modified":"2020-01-29T09:39:11","modified_gmt":"2020-01-29T13:39:11","slug":"presidente-catalan-anuncio-elecciones-regionales-adelantadas","status":"publish","type":"post","link":"https:\/\/elluchador.info\/?p=159534","title":{"rendered":"Presidente catal\u00e1n anunci\u00f3 elecciones regionales adelantadas"},"content":{"rendered":"\n<p>El presidente de la regi\u00f3n espa\u00f1ola de Catalu\u00f1a,&nbsp;<strong>Quim Torra,<\/strong>&nbsp;anunci\u00f3 este mi\u00e9rcoles elecciones adelantadas, aunque no indic\u00f3 la fecha, a la espera de que se aprueben los presupuestos auton\u00f3micos para este a\u00f1o.<\/p>\n\n\n\n<blockquote class=\"wp-block-quote is-layout-flow wp-block-quote-is-layout-flow\"><p>\u00abUna vez aprobados los presupuestos en el Parlamento anunciar\u00e9 la fecha de convocatoria de las elecciones\u00bb regionales, se\u00f1al\u00f3 Torra, en un anuncio oficial.<\/p><\/blockquote>\n\n\n\n<p>El actual Ejecutivo regional est\u00e1 formado por una coalici\u00f3n de dos partidos independentistas: JxCat (derecha, la formaci\u00f3n de Torra) y ERC (republicanos de izquierda).<\/p>\n\n\n\n<p>Quim Torra justific\u00f3 la decisi\u00f3n de adelantar las elecciones en que la actual legislatura \u00abya no tiene m\u00e1s recorrido pol\u00edtico\u00bb y en la falta de \u00ablealtad\u00bb de ERC.<\/p>\n\n\n\n<p>Esta semana se produjo un divorcio entre ambas formaciones independentistas cuando ERC rechaz\u00f3 frenar en el Parlamento regional la retirada de la credencial de diputado del propio Torra, siguiendo una sentencia judicial que le inhabilit\u00f3 por no respetar la neutralidad pol\u00edtica de los edificios p\u00fablicos durante una campa\u00f1a electoral.<\/p>\n\n\n\n<blockquote class=\"wp-block-quote is-layout-flow wp-block-quote-is-layout-flow\"><p>\u00abNing\u00fan gobierno puede funcionar sin unidad, sin una estrategia com\u00fan y compartida, sin lealtad entre los socios\u00bb, dijo el presidente catal\u00e1n.<\/p><\/blockquote>\n\n\n\n<p>El Gobierno regional tiene previsto aprobar hoy el proyecto presupuestario, pero el tr\u00e1mite parlamentario podr\u00eda extenderse durante unos dos meses.<\/p>\n\n\n\n<p>El independentismo de la regi\u00f3n de Catalu\u00f1a (noreste espa\u00f1ol) se ha convertido en los \u00faltimos a\u00f1os en uno de los principales problemas pol\u00edticos de Espa\u00f1a.<\/p>\n\n\n\n<p>El presidente del Gobierno espa\u00f1ol, el socialista Pedro S\u00e1nchez, tiene previsto reunirse con Torra en Barcelona el pr\u00f3ximo 6 de febrero dentro de su intento de buscar una soluci\u00f3n dialogada a esa cuesti\u00f3n.<\/p>\n\n\n\n<p><strong>Unionradio.net <\/strong><\/p>\n","protected":false},"excerpt":{"rendered":"<p>El presidente de la regi\u00f3n espa\u00f1ola de Catalu\u00f1a,&nbsp;Quim Torra,&nbsp;anunci\u00f3 este mi\u00e9rcoles elecciones adelantadas, aunque no indic\u00f3 la fecha, a la espera de que se aprueben los presupuestos auton\u00f3micos para este a\u00f1o. \u00abUna vez aprobados los presupuestos en el Parlamento anunciar\u00e9 la fecha de convocatoria de las elecciones\u00bb regionales, se\u00f1al\u00f3 Torra, en un anuncio oficial. El [&hellip;]<\/p>\n","protected":false},"author":2,"featured_media":159535,"comment_status":"closed","ping_status":"closed","sticky":false,"template":"","format":"standard","meta":{"footnotes":""},"categories":[5,8],"tags":[],"class_list":{"0":"post-159534","1":"post","2":"type-post","3":"status-publish","4":"format-standard","5":"has-post-thumbnail","7":"category-destacado","8":"category-internacionales"},"_links":{"self":[{"href":"https:\/\/elluchador.info\/index.php?rest_route=\/wp\/v2\/posts\/159534","targetHints":{"allow":["GET"]}}],"collection":[{"href":"https:\/\/elluchador.info\/index.php?rest_route=\/wp\/v2\/posts"}],"about":[{"href":"https:\/\/elluchador.info\/index.php?rest_route=\/wp\/v2\/types\/post"}],"author":[{"embeddable":true,"href":"https:\/\/elluchador.info\/index.php?rest_route=\/wp\/v2\/users\/2"}],"replies":[{"embeddable":true,"href":"https:\/\/elluchador.info\/index.php?rest_route=%2Fwp%2Fv2%2Fcomments&post=159534"}],"version-history":[{"count":1,"href":"https:\/\/elluchador.info\/index.php?rest_route=\/wp\/v2\/posts\/159534\/revisions"}],"predecessor-version":[{"id":159536,"href":"https:\/\/elluchador.info\/index.php?rest_route=\/wp\/v2\/posts\/159534\/revisions\/159536"}],"wp:featuredmedia":[{"embeddable":true,"href":"https:\/\/elluchador.info\/index.php?rest_route=\/wp\/v2\/media\/159535"}],"wp:attachment":[{"href":"https:\/\/elluchador.info\/index.php?rest_route=%2Fwp%2Fv2%2Fmedia&parent=159534"}],"wp:term":[{"taxonomy":"category","embeddable":true,"href":"https:\/\/elluchador.info\/index.php?rest_route=%2Fwp%2Fv2%2Fcategories&post=159534"},{"taxonomy":"post_tag","embeddable":true,"href":"https:\/\/elluchador.info\/index.php?rest_route=%2Fwp%2Fv2%2Ftags&post=159534"}],"curies":[{"name":"wp","href":"https:\/\/api.w.org\/{rel}","templated":true}]}}