{"id":159546,"date":"2020-01-29T11:11:51","date_gmt":"2020-01-29T15:11:51","guid":{"rendered":"https:\/\/elluchador.info\/web\/?p=159546"},"modified":"2020-01-29T11:01:33","modified_gmt":"2020-01-29T15:01:33","slug":"maduro-politicas-de-duque-atrasan-cooperacion-entre-ambas-naciones","status":"publish","type":"post","link":"https:\/\/elluchador.info\/?p=159546","title":{"rendered":"Maduro: Pol\u00edticas de Duque atrasan cooperaci\u00f3n entre ambas naciones"},"content":{"rendered":"\n<p>-El presidente Nicol\u00e1s Maduro se\u00f1al\u00f3 que la cooperaci\u00f3n en materia de seguridad alcanzada por Venezuela y Colombia retrocedi\u00f3 como consecuencia de las \u00abpol\u00edticas extremistas\u00bb del mandatario Iv\u00e1n Duque.<\/p>\n\n\n\n<p>Maduro rechaz\u00f3 el anuncio del Ministerio de Justicia de Colombia respecto a la solicitud de extradici\u00f3n de la ex senadora, A\u00edda Medrano, capturada este lunes por autoridades venezolanas, seg\u00fan el cual el requerimiento lo har\u00edan ante el diputado Juan Guaid\u00f3.<\/p>\n\n\n\n<p>El presidente coment\u00f3 que a pesar de las diferencias con \u00c1lvaro Uribe y Juan Manuel Santos no ocurri\u00f3 una situaci\u00f3n similar al caso de la ex senadora y a\u00f1adi\u00f3 que Duque \u00abha demostrado una obsesi\u00f3n antibolivariana nunca antes vista\u201d.<\/p>\n\n\n\n<p>Agreg\u00f3 que Venezuela ha entregado m\u00e1s de 100 delincuentes vinculados con el narcotr\u00e1fico al Gobierno neogranadino y unos 30 pr\u00f3fugos de la justicia colombiana fueron capturados en Venezuela, sin embargo, la p\u00e9rdida de comunicaci\u00f3n entre ambas naciones retras\u00f3 su extradici\u00f3n.<\/p>\n\n\n\n<p>El Jefe de Estado reiter\u00f3 que ambas naciones tienen la obligaci\u00f3n de mantener comunicaci\u00f3n para atender los problemas de inter\u00e9s binacional. <\/p>\n\n\n\n<p><strong>Elnacional.com<\/strong><\/p>\n","protected":false},"excerpt":{"rendered":"<p>-El presidente Nicol\u00e1s Maduro se\u00f1al\u00f3 que la cooperaci\u00f3n en materia de seguridad alcanzada por Venezuela y Colombia retrocedi\u00f3 como consecuencia de las \u00abpol\u00edticas extremistas\u00bb del mandatario Iv\u00e1n Duque. Maduro rechaz\u00f3 el anuncio del Ministerio de Justicia de Colombia respecto a la solicitud de extradici\u00f3n de la ex senadora, A\u00edda Medrano, capturada este lunes por autoridades [&hellip;]<\/p>\n","protected":false},"author":2,"featured_media":159547,"comment_status":"closed","ping_status":"closed","sticky":false,"template":"","format":"standard","meta":{"footnotes":""},"categories":[5,9],"tags":[],"class_list":{"0":"post-159546","1":"post","2":"type-post","3":"status-publish","4":"format-standard","5":"has-post-thumbnail","7":"category-destacado","8":"category-nacionales"},"_links":{"self":[{"href":"https:\/\/elluchador.info\/index.php?rest_route=\/wp\/v2\/posts\/159546","targetHints":{"allow":["GET"]}}],"collection":[{"href":"https:\/\/elluchador.info\/index.php?rest_route=\/wp\/v2\/posts"}],"about":[{"href":"https:\/\/elluchador.info\/index.php?rest_route=\/wp\/v2\/types\/post"}],"author":[{"embeddable":true,"href":"https:\/\/elluchador.info\/index.php?rest_route=\/wp\/v2\/users\/2"}],"replies":[{"embeddable":true,"href":"https:\/\/elluchador.info\/index.php?rest_route=%2Fwp%2Fv2%2Fcomments&post=159546"}],"version-history":[{"count":1,"href":"https:\/\/elluchador.info\/index.php?rest_route=\/wp\/v2\/posts\/159546\/revisions"}],"predecessor-version":[{"id":159548,"href":"https:\/\/elluchador.info\/index.php?rest_route=\/wp\/v2\/posts\/159546\/revisions\/159548"}],"wp:featuredmedia":[{"embeddable":true,"href":"https:\/\/elluchador.info\/index.php?rest_route=\/wp\/v2\/media\/159547"}],"wp:attachment":[{"href":"https:\/\/elluchador.info\/index.php?rest_route=%2Fwp%2Fv2%2Fmedia&parent=159546"}],"wp:term":[{"taxonomy":"category","embeddable":true,"href":"https:\/\/elluchador.info\/index.php?rest_route=%2Fwp%2Fv2%2Fcategories&post=159546"},{"taxonomy":"post_tag","embeddable":true,"href":"https:\/\/elluchador.info\/index.php?rest_route=%2Fwp%2Fv2%2Ftags&post=159546"}],"curies":[{"name":"wp","href":"https:\/\/api.w.org\/{rel}","templated":true}]}}