{"id":159549,"date":"2020-01-29T11:18:26","date_gmt":"2020-01-29T15:18:26","guid":{"rendered":"https:\/\/elluchador.info\/web\/?p=159549"},"modified":"2020-01-29T11:08:55","modified_gmt":"2020-01-29T15:08:55","slug":"ecuador-inicio-negociaciones-con-mexico-para-su-ingreso-a-la-alianza-del-pacifico","status":"publish","type":"post","link":"https:\/\/elluchador.info\/?p=159549","title":{"rendered":"Ecuador inici\u00f3 negociaciones con M\u00e9xico para su ingreso a la Alianza del Pac\u00edfico"},"content":{"rendered":"\n<p>Los Gobiernos de\u00a0Ecuador y M\u00e9xico\u00a0iniciaron este martes en la ciudad de\u00a0Quito, la\u00a0I Ronda de Negociaciones del Acuerdo de Integraci\u00f3n Productiva\u00a0con miras a\u00a0agilizar el ingreso del Estado ecuatoriano a la Alianza del Pac\u00edfico, integrada tambi\u00e9n por\u00a0Chile, Colombia y Per\u00fa.<\/p>\n\n\n\n<p>El\u00a0encuentro\u00a0entre los\u00a0equipos t\u00e9cnicos de ambos pa\u00edses, que se extender\u00e1 hasta el pr\u00f3ximo jueves en Quito, busca tambi\u00e9n crear un\u00a0marco jur\u00eddico transparente que regule y facilite el incremento del flujo comercial\u00a0entre las dos naciones.<\/p>\n\n\n\n<p>El viceministro de\u00a0Comercio Exterior de Ecuador,\u00a0Diego Caicedo, inaugur\u00f3 la cita junto a\u00a0C\u00e9sar Remis, jefe negociador de M\u00e9xico,\u00a0inform\u00f3 en un comunicado el\u00a0Ministerio ecuatoriano de Producci\u00f3n, Comercio Exterior, Inversiones y Pesca.<\/p>\n\n\n\n<p>Caicedo\u00a0explic\u00f3 que en esta primera ronda de negociaciones\u00a0se trabajar\u00e1 en siete disciplinas\u00a0que tienen que ver con el\u00a0\u00abacceso a mercados, normas de origen, medidas sanitarias y fitosanitarias, facilitaci\u00f3n del comercio, propiedad intelectual, buenas pr\u00e1cticas regulatorias, y pol\u00edtica de competencia<strong>\u00bb.<\/strong><\/p>\n\n\n\n<p>Actualmente,\u00a0Ecuador y M\u00e9xico mantienen en vigor un Acuerdo de Alcance Parcial en el marco de la\u00a0Asociaci\u00f3n Latinoamericana de Integraci\u00f3n\u00a0(Aladi), que otorga\u00a0preferencias arancelarias a un n\u00famero limitado de productos\u00a0en el comercio bilateral.<\/p>\n","protected":false},"excerpt":{"rendered":"<p>Los Gobiernos de\u00a0Ecuador y M\u00e9xico\u00a0iniciaron este martes en la ciudad de\u00a0Quito, la\u00a0I Ronda de Negociaciones del Acuerdo de Integraci\u00f3n Productiva\u00a0con miras a\u00a0agilizar el ingreso del Estado ecuatoriano a la Alianza del Pac\u00edfico, integrada tambi\u00e9n por\u00a0Chile, Colombia y Per\u00fa. El\u00a0encuentro\u00a0entre los\u00a0equipos t\u00e9cnicos de ambos pa\u00edses, que se extender\u00e1 hasta el pr\u00f3ximo jueves en Quito, busca tambi\u00e9n [&hellip;]<\/p>\n","protected":false},"author":2,"featured_media":159551,"comment_status":"closed","ping_status":"closed","sticky":false,"template":"","format":"standard","meta":{"footnotes":""},"categories":[8],"tags":[],"class_list":{"0":"post-159549","1":"post","2":"type-post","3":"status-publish","4":"format-standard","5":"has-post-thumbnail","7":"category-internacionales"},"_links":{"self":[{"href":"https:\/\/elluchador.info\/index.php?rest_route=\/wp\/v2\/posts\/159549","targetHints":{"allow":["GET"]}}],"collection":[{"href":"https:\/\/elluchador.info\/index.php?rest_route=\/wp\/v2\/posts"}],"about":[{"href":"https:\/\/elluchador.info\/index.php?rest_route=\/wp\/v2\/types\/post"}],"author":[{"embeddable":true,"href":"https:\/\/elluchador.info\/index.php?rest_route=\/wp\/v2\/users\/2"}],"replies":[{"embeddable":true,"href":"https:\/\/elluchador.info\/index.php?rest_route=%2Fwp%2Fv2%2Fcomments&post=159549"}],"version-history":[{"count":1,"href":"https:\/\/elluchador.info\/index.php?rest_route=\/wp\/v2\/posts\/159549\/revisions"}],"predecessor-version":[{"id":159552,"href":"https:\/\/elluchador.info\/index.php?rest_route=\/wp\/v2\/posts\/159549\/revisions\/159552"}],"wp:featuredmedia":[{"embeddable":true,"href":"https:\/\/elluchador.info\/index.php?rest_route=\/wp\/v2\/media\/159551"}],"wp:attachment":[{"href":"https:\/\/elluchador.info\/index.php?rest_route=%2Fwp%2Fv2%2Fmedia&parent=159549"}],"wp:term":[{"taxonomy":"category","embeddable":true,"href":"https:\/\/elluchador.info\/index.php?rest_route=%2Fwp%2Fv2%2Fcategories&post=159549"},{"taxonomy":"post_tag","embeddable":true,"href":"https:\/\/elluchador.info\/index.php?rest_route=%2Fwp%2Fv2%2Ftags&post=159549"}],"curies":[{"name":"wp","href":"https:\/\/api.w.org\/{rel}","templated":true}]}}