{"id":159556,"date":"2020-01-29T11:27:02","date_gmt":"2020-01-29T15:27:02","guid":{"rendered":"https:\/\/elluchador.info\/web\/?p=159556"},"modified":"2020-01-29T11:21:54","modified_gmt":"2020-01-29T15:21:54","slug":"toyota-retraso-reapertura-de-sus-fabricas-en-china","status":"publish","type":"post","link":"https:\/\/elluchador.info\/?p=159556","title":{"rendered":"Toyota retras\u00f3 reapertura de sus f\u00e1bricas en China"},"content":{"rendered":"\n<p>El grupo Toyota anunci\u00f3 que aplaza por varios d\u00edas la reapertura de sus f\u00e1bricas en China y avis\u00f3 que el 10 de febrero revisar\u00e1 la situaci\u00f3n para ver cu\u00e1ndo se reanudan sus operaciones en ese pa\u00eds.<\/p>\n\n\n\n<p>Las doce f\u00e1bricas que tiene Toyota en China est\u00e1n cerradas actualmente debido a las festividades del A\u00f1o Nuevo, y estaba programado que reiniciaran sus operaciones a comienzos de febrero.<\/p>\n\n\n\n<p>Sin embargo, una portavoz de la firma dijo a Efe que por \u00abdiversos factores, incluyendo las directrices de gobiernos locales y regionales\u00bb, las operaciones quedar\u00e1n en suspenso por lo menos hasta el 9 de febrero.<\/p>\n\n\n\n<p>\u00abRevisaremos la situaci\u00f3n y tomaremos m\u00e1s decisiones sobre las operaciones a partir del 10 de febrero\u00bb, agreg\u00f3 la portavoz.<\/p>\n\n\n\n<p>La medida se conoce en medio del brote de coronavirus que surgi\u00f3 en la ciudad de Wuhan y que ha implicado la paralizaci\u00f3n de las actividades de algunas empresas niponas que operan en China y la evacuaci\u00f3n de centenares de japoneses que residen en ese pa\u00eds.<\/p>\n\n\n\n<p><strong>Unionradio.net <\/strong><\/p>\n","protected":false},"excerpt":{"rendered":"<p>El grupo Toyota anunci\u00f3 que aplaza por varios d\u00edas la reapertura de sus f\u00e1bricas en China y avis\u00f3 que el 10 de febrero revisar\u00e1 la situaci\u00f3n para ver cu\u00e1ndo se reanudan sus operaciones en ese pa\u00eds. Las doce f\u00e1bricas que tiene Toyota en China est\u00e1n cerradas actualmente debido a las festividades del A\u00f1o Nuevo, y [&hellip;]<\/p>\n","protected":false},"author":2,"featured_media":159558,"comment_status":"closed","ping_status":"closed","sticky":false,"template":"","format":"standard","meta":{"footnotes":""},"categories":[5,6],"tags":[],"class_list":{"0":"post-159556","1":"post","2":"type-post","3":"status-publish","4":"format-standard","5":"has-post-thumbnail","7":"category-destacado","8":"category-economia"},"_links":{"self":[{"href":"https:\/\/elluchador.info\/index.php?rest_route=\/wp\/v2\/posts\/159556","targetHints":{"allow":["GET"]}}],"collection":[{"href":"https:\/\/elluchador.info\/index.php?rest_route=\/wp\/v2\/posts"}],"about":[{"href":"https:\/\/elluchador.info\/index.php?rest_route=\/wp\/v2\/types\/post"}],"author":[{"embeddable":true,"href":"https:\/\/elluchador.info\/index.php?rest_route=\/wp\/v2\/users\/2"}],"replies":[{"embeddable":true,"href":"https:\/\/elluchador.info\/index.php?rest_route=%2Fwp%2Fv2%2Fcomments&post=159556"}],"version-history":[{"count":1,"href":"https:\/\/elluchador.info\/index.php?rest_route=\/wp\/v2\/posts\/159556\/revisions"}],"predecessor-version":[{"id":159559,"href":"https:\/\/elluchador.info\/index.php?rest_route=\/wp\/v2\/posts\/159556\/revisions\/159559"}],"wp:featuredmedia":[{"embeddable":true,"href":"https:\/\/elluchador.info\/index.php?rest_route=\/wp\/v2\/media\/159558"}],"wp:attachment":[{"href":"https:\/\/elluchador.info\/index.php?rest_route=%2Fwp%2Fv2%2Fmedia&parent=159556"}],"wp:term":[{"taxonomy":"category","embeddable":true,"href":"https:\/\/elluchador.info\/index.php?rest_route=%2Fwp%2Fv2%2Fcategories&post=159556"},{"taxonomy":"post_tag","embeddable":true,"href":"https:\/\/elluchador.info\/index.php?rest_route=%2Fwp%2Fv2%2Ftags&post=159556"}],"curies":[{"name":"wp","href":"https:\/\/api.w.org\/{rel}","templated":true}]}}