{"id":159557,"date":"2020-01-29T11:50:57","date_gmt":"2020-01-29T15:50:57","guid":{"rendered":"https:\/\/elluchador.info\/web\/?p=159557"},"modified":"2020-01-29T14:48:16","modified_gmt":"2020-01-29T18:48:16","slug":"el-filme-the-batman-comenzo-a-ser-rodada-oficialmente","status":"publish","type":"post","link":"https:\/\/elluchador.info\/?p=159557","title":{"rendered":"La pel\u00edcula The Batman comenz\u00f3 a ser rodada oficialmente"},"content":{"rendered":"\n<p>La nueva pel\u00edcula en solitario de&nbsp;Batman&nbsp;ha iniciado su primer d\u00eda de rodaje, as\u00ed lo anunci\u00f3 su propio director,&nbsp; el se\u00f1or&nbsp;Matt Reeves&nbsp;a trav\u00e9s de su cuenta de&nbsp;Instagram.&nbsp; Con una fotograf\u00eda muy llamativa, podemos ver la claqueta de la producci\u00f3n con el mensaje&nbsp;#DayOne&nbsp;y el&nbsp;<strong>#<\/strong>TheBatman<strong>.<\/strong>&nbsp;<\/p>\n\n\n\n<p>La pel\u00edcula protagonizada por el \u201ccrepuscular\n\u201d&nbsp;Robert Pattinson, como el\nCaballero Oscuro de DC, se est\u00e1 rodando en&nbsp;Londres&nbsp;y\nya la claqueta podr\u00eda dar un abre boca de lo que ser\u00e1 el logo oficial del\nlargometraje.&nbsp;<\/p>\n\n\n\n<p>Hace unas semanas se pudo ver ya a Pattinson caracterizado como Bruce Wayne durante el rodaje de algunas escenas en las que el protagonista aparece encima de una moto y con la cara cubierta. Tambi\u00e9n&nbsp;a Colin Farrell&nbsp; como&nbsp;Oswald Cobblepot\/El Ping\u00fcino.<\/p>\n\n\n\n<p>Pattinson y Farrell son solo dos de los miembros del reparto de la cinta confirmados. Adem\u00e1s de ellos, el filme tambi\u00e9n cuenta con&nbsp;Zo\u00eb Kravitz&nbsp;como Catwoman\/Selina Kyle, Jeffrey Wright&nbsp; como el comisario Gordon, Paul Dano&nbsp; como Edward Nygma\/Enigma, Andy Serkis como Alfred Pennyworth y John Turturro como Carmine Falcone.<\/p>\n\n\n\n<p>Por el momento, se desconoce la historia que contar\u00e1 The Batman, pero muchos seguidores del vigilante apuntan a que el c\u00f3mic El largo Halloween podr\u00eda haber sido la inspiraci\u00f3n del filme. La pel\u00edcula llega a las salas de cine el 25 de junio de 2021, pero la pr\u00f3xima entrega del universo cinematogr\u00e1fico de DC en estrenarse despu\u00e9s de Joker es Aves de Presa.&nbsp;<\/p>\n\n\n\n<p><strong>elfarandi.com<\/strong><\/p>\n","protected":false},"excerpt":{"rendered":"<p>La nueva pel\u00edcula en solitario de&nbsp;Batman&nbsp;ha iniciado su primer d\u00eda de rodaje, as\u00ed lo anunci\u00f3 su propio director,&nbsp; el se\u00f1or&nbsp;Matt Reeves&nbsp;a trav\u00e9s de su cuenta de&nbsp;Instagram.&nbsp; Con una fotograf\u00eda muy llamativa, podemos ver la claqueta de la producci\u00f3n con el mensaje&nbsp;#DayOne&nbsp;y el&nbsp;#TheBatman.&nbsp; La pel\u00edcula protagonizada por el \u201ccrepuscular \u201d&nbsp;Robert Pattinson, como el Caballero Oscuro de [&hellip;]<\/p>\n","protected":false},"author":2,"featured_media":159561,"comment_status":"closed","ping_status":"closed","sticky":false,"template":"","format":"standard","meta":{"footnotes":""},"categories":[7],"tags":[],"class_list":{"0":"post-159557","1":"post","2":"type-post","3":"status-publish","4":"format-standard","5":"has-post-thumbnail","7":"category-entretenimiento"},"_links":{"self":[{"href":"https:\/\/elluchador.info\/index.php?rest_route=\/wp\/v2\/posts\/159557","targetHints":{"allow":["GET"]}}],"collection":[{"href":"https:\/\/elluchador.info\/index.php?rest_route=\/wp\/v2\/posts"}],"about":[{"href":"https:\/\/elluchador.info\/index.php?rest_route=\/wp\/v2\/types\/post"}],"author":[{"embeddable":true,"href":"https:\/\/elluchador.info\/index.php?rest_route=\/wp\/v2\/users\/2"}],"replies":[{"embeddable":true,"href":"https:\/\/elluchador.info\/index.php?rest_route=%2Fwp%2Fv2%2Fcomments&post=159557"}],"version-history":[{"count":2,"href":"https:\/\/elluchador.info\/index.php?rest_route=\/wp\/v2\/posts\/159557\/revisions"}],"predecessor-version":[{"id":159665,"href":"https:\/\/elluchador.info\/index.php?rest_route=\/wp\/v2\/posts\/159557\/revisions\/159665"}],"wp:featuredmedia":[{"embeddable":true,"href":"https:\/\/elluchador.info\/index.php?rest_route=\/wp\/v2\/media\/159561"}],"wp:attachment":[{"href":"https:\/\/elluchador.info\/index.php?rest_route=%2Fwp%2Fv2%2Fmedia&parent=159557"}],"wp:term":[{"taxonomy":"category","embeddable":true,"href":"https:\/\/elluchador.info\/index.php?rest_route=%2Fwp%2Fv2%2Fcategories&post=159557"},{"taxonomy":"post_tag","embeddable":true,"href":"https:\/\/elluchador.info\/index.php?rest_route=%2Fwp%2Fv2%2Ftags&post=159557"}],"curies":[{"name":"wp","href":"https:\/\/api.w.org\/{rel}","templated":true}]}}