{"id":159585,"date":"2020-01-29T12:55:11","date_gmt":"2020-01-29T16:55:11","guid":{"rendered":"https:\/\/elluchador.info\/web\/?p=159585"},"modified":"2020-01-29T12:34:48","modified_gmt":"2020-01-29T16:34:48","slug":"le-fallaron-los-frenos-y-se-estrello-contra-un-muro","status":"publish","type":"post","link":"https:\/\/elluchador.info\/?p=159585","title":{"rendered":"Le  fallaron los frenos y se estrell\u00f3 contra un muro"},"content":{"rendered":"\n<p>Residentes del sector Chaguaramas, municipio Libertador,\u00a0avisaron a\u00a0trav\u00e9s de una llamada telef\u00f3nica al VEN-911\u00a0sobre un aparatoso accidente de tr\u00e1nsito con una persona atrapada.\u00a0Funcionarios de Protecci\u00f3n Civil\u00a0arribaron al sitio del suceso para rescatar a la v\u00edctima que hab\u00eda quedado dentro del veh\u00edculo involucrado.<\/p>\n\n\n\n<p>El lesionado fue identificado como\u00a0Joel Garc\u00eda de 49 a\u00f1os de edad,\u00a0con\u00a0residencia en la v\u00eda hacia Aragua de Matur\u00edn,\u00a0quien\u00a0sufri\u00f3 traumatismo m\u00faltiple.\u00a0Al parecer, el hombre perdi\u00f3 el control del veh\u00edculo al cual le fallaron los frenos, raz\u00f3n por la que se estrell\u00f3 posteriormente contra un muro de concreto.<\/p>\n\n\n\n<p>Los hechos ocurrieron al finalizar la tarde del lunes, cuando el lesionado se dirig\u00eda a su\u00a0vivienda.<\/p>\n\n\n\n<p>Garc\u00eda fue inmovilizado por los rescatistas y llevado en una ambulancia hasta el Hospital Universitario \u201cDr. Manuel N\u00fa\u00f1ez Tovar\u201d (Humnt), de Matur\u00edn.\u00a0A las 8:04 pm qued\u00f3 registrado el ingreso de Garc\u00eda en el libro de novedades del\u00a0centro de salud.<\/p>\n\n\n\n<p><strong>Elperiodicodemonagas.com.ve<\/strong><\/p>\n","protected":false},"excerpt":{"rendered":"<p>Residentes del sector Chaguaramas, municipio Libertador,\u00a0avisaron a\u00a0trav\u00e9s de una llamada telef\u00f3nica al VEN-911\u00a0sobre un aparatoso accidente de tr\u00e1nsito con una persona atrapada.\u00a0Funcionarios de Protecci\u00f3n Civil\u00a0arribaron al sitio del suceso para rescatar a la v\u00edctima que hab\u00eda quedado dentro del veh\u00edculo involucrado. El lesionado fue identificado como\u00a0Joel Garc\u00eda de 49 a\u00f1os de edad,\u00a0con\u00a0residencia en la v\u00eda [&hellip;]<\/p>\n","protected":false},"author":2,"featured_media":159586,"comment_status":"closed","ping_status":"closed","sticky":false,"template":"","format":"standard","meta":{"footnotes":""},"categories":[13],"tags":[],"class_list":{"0":"post-159585","1":"post","2":"type-post","3":"status-publish","4":"format-standard","5":"has-post-thumbnail","7":"category-sucesos"},"_links":{"self":[{"href":"https:\/\/elluchador.info\/index.php?rest_route=\/wp\/v2\/posts\/159585","targetHints":{"allow":["GET"]}}],"collection":[{"href":"https:\/\/elluchador.info\/index.php?rest_route=\/wp\/v2\/posts"}],"about":[{"href":"https:\/\/elluchador.info\/index.php?rest_route=\/wp\/v2\/types\/post"}],"author":[{"embeddable":true,"href":"https:\/\/elluchador.info\/index.php?rest_route=\/wp\/v2\/users\/2"}],"replies":[{"embeddable":true,"href":"https:\/\/elluchador.info\/index.php?rest_route=%2Fwp%2Fv2%2Fcomments&post=159585"}],"version-history":[{"count":1,"href":"https:\/\/elluchador.info\/index.php?rest_route=\/wp\/v2\/posts\/159585\/revisions"}],"predecessor-version":[{"id":159587,"href":"https:\/\/elluchador.info\/index.php?rest_route=\/wp\/v2\/posts\/159585\/revisions\/159587"}],"wp:featuredmedia":[{"embeddable":true,"href":"https:\/\/elluchador.info\/index.php?rest_route=\/wp\/v2\/media\/159586"}],"wp:attachment":[{"href":"https:\/\/elluchador.info\/index.php?rest_route=%2Fwp%2Fv2%2Fmedia&parent=159585"}],"wp:term":[{"taxonomy":"category","embeddable":true,"href":"https:\/\/elluchador.info\/index.php?rest_route=%2Fwp%2Fv2%2Fcategories&post=159585"},{"taxonomy":"post_tag","embeddable":true,"href":"https:\/\/elluchador.info\/index.php?rest_route=%2Fwp%2Fv2%2Ftags&post=159585"}],"curies":[{"name":"wp","href":"https:\/\/api.w.org\/{rel}","templated":true}]}}