{"id":159616,"date":"2020-01-29T14:05:12","date_gmt":"2020-01-29T18:05:12","guid":{"rendered":"https:\/\/elluchador.info\/web\/?p=159616"},"modified":"2020-01-29T13:42:49","modified_gmt":"2020-01-29T17:42:49","slug":"federer-no-se-esta-en-forma-para-su-duelo-contra-djokovic","status":"publish","type":"post","link":"https:\/\/elluchador.info\/?p=159616","title":{"rendered":"Federer no se esta en forma para su duelo contra Djokovic"},"content":{"rendered":"\n<h1 class=\"wp-block-heading\">&nbsp;<\/h1>\n\n\n\n<p>El suizo ha pasado 12\nhoras en cancha en los \u00faltimos tres partidos de esta edici\u00f3n del Abierto de\nAustralia y se lesion\u00f3 la ingle en la disputa de los cuartos de final.<\/p>\n\n\n\n<p>Roger Federer no se entren\u00f3\u00a0este mi\u00e9rcoles para preparar su duelo de semifinales del Abierto de Australia contra el serbio\u00a0Novak Djokovic.\u00a0As\u00ed lo asegur\u00f3 su entrenador Severin Luthi , que dijo que el el suizo aprovech\u00f3 para relajarse y hacer fisioterapia.<\/p>\n\n\n\n<p>\u00abRoger\nno se entren\u00f3 hoy como estaba previsto. El objetivo estaba en la relajaci\u00f3n y\nla fisioterapia. Espero que se sienta mejor ma\u00f1ana\u00bb, dijo Luthi, que comparte\nla direcci\u00f3n t\u00e9cnica del jugador de Basilea con el croata Ivo Ljubicic, a\nmedios suizos en Melbourne.<\/p>\n\n\n\n<p>Luthi no ha querido precisar como se encuentra Roger f\u00edsicamente tras superar al estadounidense\u00a0Tennis Sandren<strong>,<\/strong>\u00a0despu\u00e9s de un agotador encuentro (6-3, 2-6, 2-6, 7-6 y 6-3 en tres horas y 31 minutos) en el que se lesion\u00f3 en la ingle en el segundo parcial, y que salv\u00f3 despu\u00e9s de abortar siete puntos de partido para alcanzar por 15 vez las semifinales de este Grand Slam.<\/p>\n\n\n\n<p>En\nla jornada de este mi\u00e9rcoles, y siempre seg\u00fan Luthi, Roger fue tratado por el\nfisioterapeuta Daniel Troxler para \u00abrecuperarle de las tensiones y presiones de\nlos cinco partidos en los que hab\u00eda pasado m\u00e1s de 12 horas en la cancha\u00bb.<\/p>\n\n\n\n<p>Federer\nno se ha retirado nunca de un juego<\/p>\n\n\n\n<p>Entre los r\u00e9cords que cuenta Federer figura el de\u00a0no haberse retirado jam\u00e1s en un partido\u00a0de tenis en el que haya saltado a la pista.<\/p>\n\n\n\n<p><strong>Elnacional.com<\/strong><strong><\/strong><\/p>\n","protected":false},"excerpt":{"rendered":"<p>&nbsp; El suizo ha pasado 12 horas en cancha en los \u00faltimos tres partidos de esta edici\u00f3n del Abierto de Australia y se lesion\u00f3 la ingle en la disputa de los cuartos de final. Roger Federer no se entren\u00f3\u00a0este mi\u00e9rcoles para preparar su duelo de semifinales del Abierto de Australia contra el serbio\u00a0Novak Djokovic.\u00a0As\u00ed lo [&hellip;]<\/p>\n","protected":false},"author":2,"featured_media":159621,"comment_status":"closed","ping_status":"closed","sticky":false,"template":"","format":"standard","meta":{"footnotes":""},"categories":[4],"tags":[],"class_list":{"0":"post-159616","1":"post","2":"type-post","3":"status-publish","4":"format-standard","5":"has-post-thumbnail","7":"category-deportes"},"_links":{"self":[{"href":"https:\/\/elluchador.info\/index.php?rest_route=\/wp\/v2\/posts\/159616","targetHints":{"allow":["GET"]}}],"collection":[{"href":"https:\/\/elluchador.info\/index.php?rest_route=\/wp\/v2\/posts"}],"about":[{"href":"https:\/\/elluchador.info\/index.php?rest_route=\/wp\/v2\/types\/post"}],"author":[{"embeddable":true,"href":"https:\/\/elluchador.info\/index.php?rest_route=\/wp\/v2\/users\/2"}],"replies":[{"embeddable":true,"href":"https:\/\/elluchador.info\/index.php?rest_route=%2Fwp%2Fv2%2Fcomments&post=159616"}],"version-history":[{"count":1,"href":"https:\/\/elluchador.info\/index.php?rest_route=\/wp\/v2\/posts\/159616\/revisions"}],"predecessor-version":[{"id":159622,"href":"https:\/\/elluchador.info\/index.php?rest_route=\/wp\/v2\/posts\/159616\/revisions\/159622"}],"wp:featuredmedia":[{"embeddable":true,"href":"https:\/\/elluchador.info\/index.php?rest_route=\/wp\/v2\/media\/159621"}],"wp:attachment":[{"href":"https:\/\/elluchador.info\/index.php?rest_route=%2Fwp%2Fv2%2Fmedia&parent=159616"}],"wp:term":[{"taxonomy":"category","embeddable":true,"href":"https:\/\/elluchador.info\/index.php?rest_route=%2Fwp%2Fv2%2Fcategories&post=159616"},{"taxonomy":"post_tag","embeddable":true,"href":"https:\/\/elluchador.info\/index.php?rest_route=%2Fwp%2Fv2%2Ftags&post=159616"}],"curies":[{"name":"wp","href":"https:\/\/api.w.org\/{rel}","templated":true}]}}