{"id":159644,"date":"2020-01-29T14:30:50","date_gmt":"2020-01-29T18:30:50","guid":{"rendered":"https:\/\/elluchador.info\/web\/?p=159644"},"modified":"2020-01-29T14:14:28","modified_gmt":"2020-01-29T18:14:28","slug":"anc-aprueba-cuatro-decretos-para-impulsar-la-economia-nacional","status":"publish","type":"post","link":"https:\/\/elluchador.info\/?p=159644","title":{"rendered":"ANC aprueba cuatro decretos para \u00abimpulsar la econom\u00eda nacional\u00bb"},"content":{"rendered":"\n<p>La Asamblea Nacional Constituyente (ANC) aprob\u00f3 este mi\u00e9rcoles cuatro decretos constituyentes referidos a la creaci\u00f3n de la Cartera Productiva Nacional y el C\u00f3digo Org\u00e1nico Tributario.<\/p>\n\n\n\n<p>De la misma forma, sancion\u00f3 decretos constituyentes para la reforma parcial del Decreto con Rango, Valor y Fuerza de Ley que establece el Impuesto al Valor Agregado (IVA) y para la reforma de la Ley Org\u00e1nica de Aduanas.<\/p>\n\n\n\n<p>En la sesi\u00f3n, el presidente de la Comisi\u00f3n de Econom\u00eda, Andr\u00e9s Eloy M\u00e9ndez, dijo que con la creaci\u00f3n de la Cartera \u00danica Nacional, acortar\u00e1n los tiempos m\u00e1ximos de las exoneraciones y dejar\u00e1 de ser un proceso aislado.<\/p>\n\n\n\n<p>\u00abDebe contener el impacto que eso tendr\u00e1n en el presupuesto nacional y la opini\u00f3n favorable de la Procuradur\u00eda General de la Rep\u00fablica\u00bb, dijo.<\/p>\n\n\n\n<p>Explic\u00f3 que el decreto se emitir\u00e1 una vez al a\u00f1o y que ser\u00e1 presentado al presidente de la Rep\u00fablica anualmente.<\/p>\n\n\n\n<p>Estos proyectos fueron presentados por el presidente Nicol\u00e1s Maduro, en la ANC durante la memoria y cuenta del pasado 15 de enero.<\/p>\n\n\n\n<p>AVN\/ Uni\u00f3n Radio<\/p>\n","protected":false},"excerpt":{"rendered":"<p>La Asamblea Nacional Constituyente (ANC) aprob\u00f3 este mi\u00e9rcoles cuatro decretos constituyentes referidos a la creaci\u00f3n de la Cartera Productiva Nacional y el C\u00f3digo Org\u00e1nico Tributario. De la misma forma, sancion\u00f3 decretos constituyentes para la reforma parcial del Decreto con Rango, Valor y Fuerza de Ley que establece el Impuesto al Valor Agregado (IVA) y para [&hellip;]<\/p>\n","protected":false},"author":2,"featured_media":159645,"comment_status":"closed","ping_status":"closed","sticky":false,"template":"","format":"standard","meta":{"footnotes":""},"categories":[5,9],"tags":[],"class_list":{"0":"post-159644","1":"post","2":"type-post","3":"status-publish","4":"format-standard","5":"has-post-thumbnail","7":"category-destacado","8":"category-nacionales"},"_links":{"self":[{"href":"https:\/\/elluchador.info\/index.php?rest_route=\/wp\/v2\/posts\/159644","targetHints":{"allow":["GET"]}}],"collection":[{"href":"https:\/\/elluchador.info\/index.php?rest_route=\/wp\/v2\/posts"}],"about":[{"href":"https:\/\/elluchador.info\/index.php?rest_route=\/wp\/v2\/types\/post"}],"author":[{"embeddable":true,"href":"https:\/\/elluchador.info\/index.php?rest_route=\/wp\/v2\/users\/2"}],"replies":[{"embeddable":true,"href":"https:\/\/elluchador.info\/index.php?rest_route=%2Fwp%2Fv2%2Fcomments&post=159644"}],"version-history":[{"count":1,"href":"https:\/\/elluchador.info\/index.php?rest_route=\/wp\/v2\/posts\/159644\/revisions"}],"predecessor-version":[{"id":159646,"href":"https:\/\/elluchador.info\/index.php?rest_route=\/wp\/v2\/posts\/159644\/revisions\/159646"}],"wp:featuredmedia":[{"embeddable":true,"href":"https:\/\/elluchador.info\/index.php?rest_route=\/wp\/v2\/media\/159645"}],"wp:attachment":[{"href":"https:\/\/elluchador.info\/index.php?rest_route=%2Fwp%2Fv2%2Fmedia&parent=159644"}],"wp:term":[{"taxonomy":"category","embeddable":true,"href":"https:\/\/elluchador.info\/index.php?rest_route=%2Fwp%2Fv2%2Fcategories&post=159644"},{"taxonomy":"post_tag","embeddable":true,"href":"https:\/\/elluchador.info\/index.php?rest_route=%2Fwp%2Fv2%2Ftags&post=159644"}],"curies":[{"name":"wp","href":"https:\/\/api.w.org\/{rel}","templated":true}]}}