{"id":159708,"date":"2020-01-30T10:52:41","date_gmt":"2020-01-30T14:52:41","guid":{"rendered":"https:\/\/elluchador.info\/web\/?p=159708"},"modified":"2020-01-30T10:42:26","modified_gmt":"2020-01-30T14:42:26","slug":"alcalde-de-caroni-entrego-aportes-para-carnavales-guayana-potencia-productiva-2020","status":"publish","type":"post","link":"https:\/\/elluchador.info\/?p=159708","title":{"rendered":"Alcalde de Caron\u00ed entreg\u00f3 aportes para carnavales \u201cGuayana Potencia Productiva 2020\u201d"},"content":{"rendered":"\n<p>M\u00e1s de 1.8 millardos de bol\u00edvares entreg\u00f3 este martes 28 de enero, Tito Oviedo, alcalde de Caron\u00ed, a 70 agrupaciones, asociaciones civiles y hacedores de comparsas, que llenar\u00e1n de alegr\u00eda, brillo y color los carnavales \u201cGuayana Potencia Productiva 2020\u201d.<\/p>\n\n\n\n<figure class=\"wp-block-image\"><img loading=\"lazy\" decoding=\"async\" width=\"1024\" height=\"768\" src=\"https:\/\/elluchador.info\/web\/wp-content\/uploads\/2020\/01\/Foto-04-1-1024x768.jpg\" alt=\"\" class=\"wp-image-159712\" srcset=\"https:\/\/elluchador.info\/wp-content\/uploads\/2020\/01\/Foto-04-1-1024x768.jpg 1024w, https:\/\/elluchador.info\/wp-content\/uploads\/2020\/01\/Foto-04-1-300x225.jpg 300w, https:\/\/elluchador.info\/wp-content\/uploads\/2020\/01\/Foto-04-1-768x576.jpg 768w, https:\/\/elluchador.info\/wp-content\/uploads\/2020\/01\/Foto-04-1.jpg 1032w\" sizes=\"auto, (max-width: 1024px) 100vw, 1024px\" \/><\/figure>\n\n\n\n<p>En un ambiente amenizado por el ritmo del calipso, desde el auditorio municipal de Caron\u00ed, Oviedo, agradeci\u00f3 a los hombres y mujeres que cada a\u00f1o hacen su mayor esfuerzo, para llenar de magia y convertir los carnavales de Ciudad Guayana en uno de los m\u00e1s concurridos y hermosos de Venezuela.<\/p>\n\n\n\n<p>Oviedo agradeci\u00f3 a autoridades del Instituto Municipal de Cultura Caron\u00ed (IMC Caron\u00ed), al comit\u00e9 organizador, y a todo su equipo de trabajo, quienes desde hace varias semanas dieron inicio a la preparaci\u00f3n de esta tradici\u00f3n, que este a\u00f1o llevar\u00e1 por nombre \u201cGuayana Potencia Productiva 2020\u201d.<\/p>\n\n\n\n<p>\u201cEstamos contentos y agradecidos con la disposici\u00f3n de todos los comparseros y hacedores del carnaval, quienes este a\u00f1o vuelven a decir presente con m\u00e1s fuerza, y a pesar de todas las adversidades, siguen haciendo magia y elevando una tradici\u00f3n que logra concentrar a miles de guayaneses y visitantes, que vienen a Caron\u00ed a disfrutar de la vistosidad del desfile de carrozas y comparsas, que prepara la Alcald\u00eda de Caron\u00ed para toda la familia\u201d.<\/p>\n\n\n\n<figure class=\"wp-block-image\"><img loading=\"lazy\" decoding=\"async\" width=\"1008\" height=\"567\" src=\"https:\/\/elluchador.info\/web\/wp-content\/uploads\/2020\/01\/Foto-02-3.jpg\" alt=\"\" class=\"wp-image-159710\" srcset=\"https:\/\/elluchador.info\/wp-content\/uploads\/2020\/01\/Foto-02-3.jpg 1008w, https:\/\/elluchador.info\/wp-content\/uploads\/2020\/01\/Foto-02-3-300x169.jpg 300w, https:\/\/elluchador.info\/wp-content\/uploads\/2020\/01\/Foto-02-3-768x432.jpg 768w\" sizes=\"auto, (max-width: 1008px) 100vw, 1008px\" \/><\/figure>\n\n\n\n<p><strong>70 agrupaciones y asociaciones &nbsp;<\/strong><\/p>\n\n\n\n<p>Durante la entrega de aportes econ\u00f3micos, Tito Oviedo, dej\u00f3 saber que este a\u00f1o son 70 agrupaciones, hacedores y asociaciones civiles, que participar\u00e1n&nbsp; en el desfile y en todas las actividades que est\u00e1 preparando la municipalidad, para llevar alegr\u00eda, color y la magia del calipso a todos los hogares de Guayana.<\/p>\n\n\n\n<p>El alcalde de Caron\u00ed explic\u00f3 que el desfile tendr\u00e1 los siguientes componentes en las categor\u00edas; traje individual, infantil, traje individual adulto femenino, traje individual adulto masculino, traje individual tercera edad, comparsa infantil, comparsa adulto, grupos de danzas, zanqueros y agrupaciones comunitarias.<\/p>\n\n\n\n<p>Oviedo fue enf\u00e1tico al decir que ning\u00fan otro municipio otorga aportes econ\u00f3micos a sus hacedores de carnaval, hecho que lo llena de orgullo y satisfacci\u00f3n. Dijo que los carnavales son parte de la identidad de todos los guayaneses y que por esta raz\u00f3n, es necesario seguir conservando y acrecentando esta tradici\u00f3n.<\/p>\n\n\n\n<p>Inform\u00f3 que todas estas agrupaciones recibieron de manos de la municipalidad un aporte total de 1.881.000.000&nbsp; millones de bol\u00edvares (1.8 millardos). Agradeci\u00f3 a quienes a pesar de los bloqueos y la guerra econ\u00f3mica impuesta por Estados Unidos a Venezuela, siguen creyendo en una tradici\u00f3n que traspasa fronteras y que cada a\u00f1o logra sorprender a quienes asisten a esta celebraci\u00f3n.<\/p>\n\n\n\n<p><strong>3.500 personas en desfile &nbsp;<\/strong><\/p>\n\n\n\n<p>El alcalde de Caron\u00ed dijo que este a\u00f1o los carnavales \u201cGuayana Potencia Productiva 2020&#8243;, tendr\u00e1n numerosas sorpresas para el disfrute de toda la familia. Destac\u00f3 que las fechas de las actividades fueron establecidas con apoyo del equipo de IMC Caron\u00ed.<\/p>\n\n\n\n<figure class=\"wp-block-image\"><img loading=\"lazy\" decoding=\"async\" width=\"1024\" height=\"768\" src=\"https:\/\/elluchador.info\/web\/wp-content\/uploads\/2020\/01\/Foto-03-4-1024x768.jpg\" alt=\"\" class=\"wp-image-159711\" srcset=\"https:\/\/elluchador.info\/wp-content\/uploads\/2020\/01\/Foto-03-4-1024x768.jpg 1024w, https:\/\/elluchador.info\/wp-content\/uploads\/2020\/01\/Foto-03-4-300x225.jpg 300w, https:\/\/elluchador.info\/wp-content\/uploads\/2020\/01\/Foto-03-4-768x576.jpg 768w, https:\/\/elluchador.info\/wp-content\/uploads\/2020\/01\/Foto-03-4.jpg 1032w\" sizes=\"auto, (max-width: 1024px) 100vw, 1024px\" \/><\/figure>\n\n\n\n<p>\u201cContaremos con una variada programaci\u00f3n, tenemos todo listo para disfrutar de una nueva edici\u00f3n de los carnavales de Ciudad Guayana, que estamos seguros pasar\u00e1n a la historia como todos los anteriores.<\/p>\n\n\n\n<p>Invitamos a todo el pueblo de Guayana, y a las familias de otras entidades, que escogieron a Caron\u00ed como destino tur\u00edstico para esta temporada, que disfruten de todas las actividades que ha preparado la municipalidad para compartir y llenarlos de alegr\u00eda\u201d.<\/p>\n\n\n\n<p><strong>Gesti\u00f3n cultural<\/strong><\/p>\n\n\n\n<p>Por su parte, Federico Espina, presidente de IMC Caron\u00ed, en nombre de todo su equipo, agradeci\u00f3 la gesti\u00f3n del alcalde Tito Oviedo en lo que respecta al avance cultural de Guayana.<\/p>\n\n\n\n<p>Dijo que desde la llegada de Oviedo a la Alcald\u00eda de Caron\u00ed, ha puesto su vista a la proyecci\u00f3n del \u00e1rea cultural en todas las actividades. \u201cDesde el IMC Caron\u00ed estamos satisfechos con todo el apoyo que ha brindado el alcalde Tito Oviedo a cada programa y proyecto que impulsamos para elevar la gesti\u00f3n cultural en Ciudad Guayana\u201d<\/p>\n\n\n\n<p><strong>Carnavales \u201cGuayana Potencia Productiva 2020\u201d<\/strong><\/p>\n\n\n\n<p>Espina dej\u00f3 saber las fechas escogidas por la municipalidad para celebrar los carnavales \u201cGuayana Potencia Productiva 2020\u201d. Dijo que iniciaron este martes&nbsp; 28 con la entrega de aportes econ\u00f3micos, contin\u00faan el s\u00e1bado 8 de febrero con el gran grito de carnaval, desde el sector El Gallo, San F\u00e9lix, hasta la UD 145.<\/p>\n\n\n\n<p>\u201cEl viernes 21 de febrero realizaremos elecci\u00f3n y coronaci\u00f3n de la reina del carnaval, desde la plaza Bicentenaria en Cerro El Gallo, San F\u00e9lix, y finalizaremos con el gran desfile de carrozas y comparsas en la avenida Gumilla; los d\u00edas lunes 24 y martes 25 de febrero\u201d. \u00a0<\/p>\n\n\n\n<p><strong>Prensa Alcald\u00eda de Caron\u00ed\/Wilitza Romero Valdivieso<\/strong><\/p>\n","protected":false},"excerpt":{"rendered":"<p>M\u00e1s de 1.8 millardos de bol\u00edvares entreg\u00f3 este martes 28 de enero, Tito Oviedo, alcalde de Caron\u00ed, a 70 agrupaciones, asociaciones civiles y hacedores de comparsas, que llenar\u00e1n de alegr\u00eda, brillo y color los carnavales \u201cGuayana Potencia Productiva 2020\u201d. En un ambiente amenizado por el ritmo del calipso, desde el auditorio municipal de Caron\u00ed, Oviedo, [&hellip;]<\/p>\n","protected":false},"author":2,"featured_media":159709,"comment_status":"closed","ping_status":"closed","sticky":false,"template":"","format":"standard","meta":{"footnotes":""},"categories":[5,12],"tags":[],"class_list":{"0":"post-159708","1":"post","2":"type-post","3":"status-publish","4":"format-standard","5":"has-post-thumbnail","7":"category-destacado","8":"category-regionales"},"_links":{"self":[{"href":"https:\/\/elluchador.info\/index.php?rest_route=\/wp\/v2\/posts\/159708","targetHints":{"allow":["GET"]}}],"collection":[{"href":"https:\/\/elluchador.info\/index.php?rest_route=\/wp\/v2\/posts"}],"about":[{"href":"https:\/\/elluchador.info\/index.php?rest_route=\/wp\/v2\/types\/post"}],"author":[{"embeddable":true,"href":"https:\/\/elluchador.info\/index.php?rest_route=\/wp\/v2\/users\/2"}],"replies":[{"embeddable":true,"href":"https:\/\/elluchador.info\/index.php?rest_route=%2Fwp%2Fv2%2Fcomments&post=159708"}],"version-history":[{"count":1,"href":"https:\/\/elluchador.info\/index.php?rest_route=\/wp\/v2\/posts\/159708\/revisions"}],"predecessor-version":[{"id":159714,"href":"https:\/\/elluchador.info\/index.php?rest_route=\/wp\/v2\/posts\/159708\/revisions\/159714"}],"wp:featuredmedia":[{"embeddable":true,"href":"https:\/\/elluchador.info\/index.php?rest_route=\/wp\/v2\/media\/159709"}],"wp:attachment":[{"href":"https:\/\/elluchador.info\/index.php?rest_route=%2Fwp%2Fv2%2Fmedia&parent=159708"}],"wp:term":[{"taxonomy":"category","embeddable":true,"href":"https:\/\/elluchador.info\/index.php?rest_route=%2Fwp%2Fv2%2Fcategories&post=159708"},{"taxonomy":"post_tag","embeddable":true,"href":"https:\/\/elluchador.info\/index.php?rest_route=%2Fwp%2Fv2%2Ftags&post=159708"}],"curies":[{"name":"wp","href":"https:\/\/api.w.org\/{rel}","templated":true}]}}