{"id":159721,"date":"2020-01-30T10:53:11","date_gmt":"2020-01-30T14:53:11","guid":{"rendered":"https:\/\/elluchador.info\/web\/?p=159721"},"modified":"2020-01-30T10:33:45","modified_gmt":"2020-01-30T14:33:45","slug":"retornan-250-venezolanos-desde-peru-con-plan-vuelta-a-la-patria","status":"publish","type":"post","link":"https:\/\/elluchador.info\/?p=159721","title":{"rendered":"Retornan 250 venezolanos desde Per\u00fa con Plan Vuelta a la Patria"},"content":{"rendered":"\n<p>A trav\u00e9s del Plan Vuelta a la Patria fueron repatriados 250 venezolanos desde Per\u00fa, se conoci\u00f3 que fueron v\u00edctimas de actos de xenofobia.<\/p>\n\n\n\n<blockquote class=\"wp-block-quote is-layout-flow wp-block-quote-is-layout-flow\"><p>El Plan Vuelta a la Patria contabiliza el retorno a Venezuela de 16.464 personas provenientes de nueve naciones de la regi\u00f3n latinoamericana y caribe\u00f1a.<\/p><\/blockquote>\n\n\n\n<p>Informaci\u00f3n oficial especifica que de Brasil han regresado a Venezuela 7.285; de Per\u00fa, 3.759; de Ecuador, 3.242; de Colombia, 764; de Rep\u00fablica Dominicana, 366; de Argentina, 434; de Chile, 612, Panam\u00e1, una persona; de Uruguay, una sola tambi\u00e9n.<\/p>\n\n\n\n<p><strong>AVN\/unionradio.net <\/strong><\/p>\n","protected":false},"excerpt":{"rendered":"<p>A trav\u00e9s del Plan Vuelta a la Patria fueron repatriados 250 venezolanos desde Per\u00fa, se conoci\u00f3 que fueron v\u00edctimas de actos de xenofobia. El Plan Vuelta a la Patria contabiliza el retorno a Venezuela de 16.464 personas provenientes de nueve naciones de la regi\u00f3n latinoamericana y caribe\u00f1a. Informaci\u00f3n oficial especifica que de Brasil han regresado [&hellip;]<\/p>\n","protected":false},"author":2,"featured_media":159722,"comment_status":"closed","ping_status":"closed","sticky":false,"template":"","format":"standard","meta":{"footnotes":""},"categories":[5,9],"tags":[],"class_list":{"0":"post-159721","1":"post","2":"type-post","3":"status-publish","4":"format-standard","5":"has-post-thumbnail","7":"category-destacado","8":"category-nacionales"},"_links":{"self":[{"href":"https:\/\/elluchador.info\/index.php?rest_route=\/wp\/v2\/posts\/159721","targetHints":{"allow":["GET"]}}],"collection":[{"href":"https:\/\/elluchador.info\/index.php?rest_route=\/wp\/v2\/posts"}],"about":[{"href":"https:\/\/elluchador.info\/index.php?rest_route=\/wp\/v2\/types\/post"}],"author":[{"embeddable":true,"href":"https:\/\/elluchador.info\/index.php?rest_route=\/wp\/v2\/users\/2"}],"replies":[{"embeddable":true,"href":"https:\/\/elluchador.info\/index.php?rest_route=%2Fwp%2Fv2%2Fcomments&post=159721"}],"version-history":[{"count":1,"href":"https:\/\/elluchador.info\/index.php?rest_route=\/wp\/v2\/posts\/159721\/revisions"}],"predecessor-version":[{"id":159723,"href":"https:\/\/elluchador.info\/index.php?rest_route=\/wp\/v2\/posts\/159721\/revisions\/159723"}],"wp:featuredmedia":[{"embeddable":true,"href":"https:\/\/elluchador.info\/index.php?rest_route=\/wp\/v2\/media\/159722"}],"wp:attachment":[{"href":"https:\/\/elluchador.info\/index.php?rest_route=%2Fwp%2Fv2%2Fmedia&parent=159721"}],"wp:term":[{"taxonomy":"category","embeddable":true,"href":"https:\/\/elluchador.info\/index.php?rest_route=%2Fwp%2Fv2%2Fcategories&post=159721"},{"taxonomy":"post_tag","embeddable":true,"href":"https:\/\/elluchador.info\/index.php?rest_route=%2Fwp%2Fv2%2Ftags&post=159721"}],"curies":[{"name":"wp","href":"https:\/\/api.w.org\/{rel}","templated":true}]}}