{"id":159776,"date":"2020-01-30T14:26:56","date_gmt":"2020-01-30T18:26:56","guid":{"rendered":"https:\/\/elluchador.info\/web\/?p=159776"},"modified":"2020-01-30T13:28:36","modified_gmt":"2020-01-30T17:28:36","slug":"sebastian-yatra-realizara-gira-por-espana","status":"publish","type":"post","link":"https:\/\/elluchador.info\/?p=159776","title":{"rendered":"Sebasti\u00e1n Yatra realizar\u00e1 gira por Espa\u00f1a"},"content":{"rendered":"\n<p>Espa\u00f1a ser\u00e1 a lo largo de 2020 uno de los destinos preferentes del reciente nominado al mejor \u00e1lbum de pop latino de los Grammy Sebasti\u00e1n Yatra, quien ofrecer\u00e1 una gran gira por diez ciudades y ahora se encuentra grabando su participaci\u00f3n en una nueva edici\u00f3n del programa televisivo \u00abLa Voz\u00bb.<\/p>\n\n\n\n<p>\u00abEn cada viaje a Espa\u00f1a me siento a\u00fan m\u00e1s parte del pa\u00eds\u00bb, ha dicho el astro colombiano en una entrevista con Efe en la que ha hablado sobre su pr\u00f3ximo tema con Ricky Martin, de c\u00f3mo dej\u00f3 pasar la ocasi\u00f3n de cantar el \u00abhit\u00bb de Karol G \u00abTusa\u00bb y del \u00abdesequilibrio\u00bb generacional en la Academia Latina de la Grabaci\u00f3n que produce asimetr\u00edas respecto a las nominaciones del reguet\u00f3n.<\/p>\n\n\n\n<p>Respecto a su gira por Espa\u00f1a, ser\u00e1 el 18 de junio cuando Yatra recale en el Wizink Center de Madrid e inicie un \u00abtour\u00bb que le llevar\u00e1 despu\u00e9s a Sevilla (20 junio, Auditorio Roc\u00edo Jurado), Barcelona (25 junio, Suite Festival), Las Palmas de Gran Canaria (27 junio, Sun&amp;Stars Festival), Marbella (2 julio, Starlite Catalana Occidente) y la localidad pontevedresa de Sanxenxo (11 julio, Plaza do Mar).<\/p>\n\n\n\n<p>Las entradas, ha especificado la promotora, estar\u00e1n disponibles a partir del pr\u00f3ximo martes 4 de febrero en una preventa exclusiva para los inscritos en la web oficial de Yatra y a partir del mi\u00e9rcoles d\u00eda 5 para el p\u00fablico general en los puntos oficiales detallados en la misma.<\/p>\n\n\n\n<p>EFE<\/p>\n","protected":false},"excerpt":{"rendered":"<p>Espa\u00f1a ser\u00e1 a lo largo de 2020 uno de los destinos preferentes del reciente nominado al mejor \u00e1lbum de pop latino de los Grammy Sebasti\u00e1n Yatra, quien ofrecer\u00e1 una gran gira por diez ciudades y ahora se encuentra grabando su participaci\u00f3n en una nueva edici\u00f3n del programa televisivo \u00abLa Voz\u00bb. \u00abEn cada viaje a Espa\u00f1a [&hellip;]<\/p>\n","protected":false},"author":2,"featured_media":159777,"comment_status":"closed","ping_status":"closed","sticky":false,"template":"","format":"standard","meta":{"footnotes":""},"categories":[7],"tags":[],"class_list":{"0":"post-159776","1":"post","2":"type-post","3":"status-publish","4":"format-standard","5":"has-post-thumbnail","7":"category-entretenimiento"},"_links":{"self":[{"href":"https:\/\/elluchador.info\/index.php?rest_route=\/wp\/v2\/posts\/159776","targetHints":{"allow":["GET"]}}],"collection":[{"href":"https:\/\/elluchador.info\/index.php?rest_route=\/wp\/v2\/posts"}],"about":[{"href":"https:\/\/elluchador.info\/index.php?rest_route=\/wp\/v2\/types\/post"}],"author":[{"embeddable":true,"href":"https:\/\/elluchador.info\/index.php?rest_route=\/wp\/v2\/users\/2"}],"replies":[{"embeddable":true,"href":"https:\/\/elluchador.info\/index.php?rest_route=%2Fwp%2Fv2%2Fcomments&post=159776"}],"version-history":[{"count":1,"href":"https:\/\/elluchador.info\/index.php?rest_route=\/wp\/v2\/posts\/159776\/revisions"}],"predecessor-version":[{"id":159778,"href":"https:\/\/elluchador.info\/index.php?rest_route=\/wp\/v2\/posts\/159776\/revisions\/159778"}],"wp:featuredmedia":[{"embeddable":true,"href":"https:\/\/elluchador.info\/index.php?rest_route=\/wp\/v2\/media\/159777"}],"wp:attachment":[{"href":"https:\/\/elluchador.info\/index.php?rest_route=%2Fwp%2Fv2%2Fmedia&parent=159776"}],"wp:term":[{"taxonomy":"category","embeddable":true,"href":"https:\/\/elluchador.info\/index.php?rest_route=%2Fwp%2Fv2%2Fcategories&post=159776"},{"taxonomy":"post_tag","embeddable":true,"href":"https:\/\/elluchador.info\/index.php?rest_route=%2Fwp%2Fv2%2Ftags&post=159776"}],"curies":[{"name":"wp","href":"https:\/\/api.w.org\/{rel}","templated":true}]}}