{"id":159830,"date":"2020-01-30T19:36:38","date_gmt":"2020-01-30T23:36:38","guid":{"rendered":"https:\/\/elluchador.info\/web\/?p=159830"},"modified":"2020-01-30T16:41:17","modified_gmt":"2020-01-30T20:41:17","slug":"hector-herrera-podria-ser-titular-ante-el-real-madrid","status":"publish","type":"post","link":"https:\/\/elluchador.info\/?p=159830","title":{"rendered":"H\u00e9ctor Herrera podr\u00eda ser titular ante el Real Madrid"},"content":{"rendered":"\n<p> El mediocampista mexicano H\u00e9ctor Herrera, quien milita en el Atl\u00e9tico de Madrid, entren\u00f3 este jueves al margen de sus compa\u00f1eros durante una parte de la sesi\u00f3n, pero eso no pondr\u00e1 en riesgo su participaci\u00f3n en el derbi del s\u00e1bado contra el Real Madrid. <\/p>\n\n\n\n<p>Herrera, junto al ingl\u00e9s Kieran Trippier, trabajaron por separado del plantel, una vez concluidos los ejercicios de calentamiento, con el objetivo de recuperarse al 100 por ciento de alg\u00fan inconveniente muscular. <\/p>\n\n\n\n<p>En la parte final de la sesi\u00f3n ambos futbolistas fueron requeridos por el t\u00e9cnico argentino Diego Simeone para formar el 11 titular con miras al enfrentamiento contra los merengues. <\/p>\n\n\n\n<p>HH\u00a0ocup\u00f3 un lugar en el centro del campo junto al ghan\u00e9s Thomas Partey, mientras que por los costados se ubicaron Sa\u00fal \u00d1\u00edguez y el argentino \u00c1ngel Correa. <\/p>\n\n\n\n<p>En la porter\u00eda estuvo el esloveno Jan Oblak; en defensa se coloc\u00f3\u00a0Trippier, el montenegrino Stefan Savic y los brasile\u00f1os Felipe Augusto y Renan Lodi. Al ataque se conform\u00f3 la dupla de \u00c1lvaro Morata y Vitolo Mach\u00edn. <\/p>\n\n\n\n<p> Se prev\u00e9 que este viernes el tijuanense entrene con normalidad y complete el entrenamiento a la par de sus compa\u00f1eros para ultimar detalles de cara al derbi de la capital espa\u00f1ola correspondiente a la jornada 22 de la Liga. <\/p>\n\n\n\n<p>Cabe recordar que el mexicano ingres\u00f3 de cambio al minuto 62 durante el pasado encuentro de la Liga de Espa\u00f1a frente al Legan\u00e9s y para el s\u00e1bado en el estadio Santiago Bernab\u00e9u todo apunta a que ser\u00e1 titular por decisi\u00f3n del Cholo\u00a0Simeone. H\u00e9ctor Herrera ha tenido actividad en 14 compromisos de la Liga espa\u00f1ola, nueve de ellos como titular para totalizar 833 minutos de acci\u00f3n en esta su primera campa\u00f1a con los colchoneros. <\/p>\n\n\n\n<p>Milenio<\/p>\n\n\n\n<p><\/p>\n","protected":false},"excerpt":{"rendered":"<p>El mediocampista mexicano H\u00e9ctor Herrera, quien milita en el Atl\u00e9tico de Madrid, entren\u00f3 este jueves al margen de sus compa\u00f1eros durante una parte de la sesi\u00f3n, pero eso no pondr\u00e1 en riesgo su participaci\u00f3n en el derbi del s\u00e1bado contra el Real Madrid. Herrera, junto al ingl\u00e9s Kieran Trippier, trabajaron por separado del plantel, una [&hellip;]<\/p>\n","protected":false},"author":2,"featured_media":159832,"comment_status":"closed","ping_status":"closed","sticky":false,"template":"","format":"standard","meta":{"footnotes":""},"categories":[4],"tags":[],"class_list":{"0":"post-159830","1":"post","2":"type-post","3":"status-publish","4":"format-standard","5":"has-post-thumbnail","7":"category-deportes"},"_links":{"self":[{"href":"https:\/\/elluchador.info\/index.php?rest_route=\/wp\/v2\/posts\/159830","targetHints":{"allow":["GET"]}}],"collection":[{"href":"https:\/\/elluchador.info\/index.php?rest_route=\/wp\/v2\/posts"}],"about":[{"href":"https:\/\/elluchador.info\/index.php?rest_route=\/wp\/v2\/types\/post"}],"author":[{"embeddable":true,"href":"https:\/\/elluchador.info\/index.php?rest_route=\/wp\/v2\/users\/2"}],"replies":[{"embeddable":true,"href":"https:\/\/elluchador.info\/index.php?rest_route=%2Fwp%2Fv2%2Fcomments&post=159830"}],"version-history":[{"count":1,"href":"https:\/\/elluchador.info\/index.php?rest_route=\/wp\/v2\/posts\/159830\/revisions"}],"predecessor-version":[{"id":159833,"href":"https:\/\/elluchador.info\/index.php?rest_route=\/wp\/v2\/posts\/159830\/revisions\/159833"}],"wp:featuredmedia":[{"embeddable":true,"href":"https:\/\/elluchador.info\/index.php?rest_route=\/wp\/v2\/media\/159832"}],"wp:attachment":[{"href":"https:\/\/elluchador.info\/index.php?rest_route=%2Fwp%2Fv2%2Fmedia&parent=159830"}],"wp:term":[{"taxonomy":"category","embeddable":true,"href":"https:\/\/elluchador.info\/index.php?rest_route=%2Fwp%2Fv2%2Fcategories&post=159830"},{"taxonomy":"post_tag","embeddable":true,"href":"https:\/\/elluchador.info\/index.php?rest_route=%2Fwp%2Fv2%2Ftags&post=159830"}],"curies":[{"name":"wp","href":"https:\/\/api.w.org\/{rel}","templated":true}]}}