{"id":159856,"date":"2020-01-31T09:59:13","date_gmt":"2020-01-31T13:59:13","guid":{"rendered":"https:\/\/elluchador.info\/web\/?p=159856"},"modified":"2020-01-31T09:49:53","modified_gmt":"2020-01-31T13:49:53","slug":"gobierno-afirma-que-visita-de-la-cidh-no-esta-autorizada","status":"publish","type":"post","link":"https:\/\/elluchador.info\/?p=159856","title":{"rendered":"Gobierno afirma que visita de la CIDH no est\u00e1 autorizada"},"content":{"rendered":"\n<p>El canciller Jorge Arreaza neg\u00f3 que el gobierno del presidente Nicol\u00e1s Maduro haya invitado o aceptado la visita de alguna delegaci\u00f3n de la Comisi\u00f3n Interamericana de Derechos Humanos (CIDH).<\/p>\n\n\n\n<blockquote class=\"wp-block-quote is-layout-flow wp-block-quote-is-layout-flow\"><p>Ratific\u00f3 que las autoridades gubernamentales no reconocen las actuaciones desarrolladas ante el organismo que \u00abusurpen o pretendan usurpar\u00bb la representaci\u00f3n leg\u00edtima en el pa\u00eds.<\/p><\/blockquote>\n\n\n\n<p>En una carta dirigida al secretario ejecutivo de la CIDH, se\u00f1al\u00f3 que la Asamblea Nacional \u00abno tiene competencia\u00bb para actuar en nombre del Estado venezolano ante organismos internacionales.<\/p>\n\n\n\n<p><strong>unionradio.net<\/strong> <\/p>\n","protected":false},"excerpt":{"rendered":"<p>El canciller Jorge Arreaza neg\u00f3 que el gobierno del presidente Nicol\u00e1s Maduro haya invitado o aceptado la visita de alguna delegaci\u00f3n de la Comisi\u00f3n Interamericana de Derechos Humanos (CIDH). Ratific\u00f3 que las autoridades gubernamentales no reconocen las actuaciones desarrolladas ante el organismo que \u00abusurpen o pretendan usurpar\u00bb la representaci\u00f3n leg\u00edtima en el pa\u00eds. En una [&hellip;]<\/p>\n","protected":false},"author":2,"featured_media":159857,"comment_status":"closed","ping_status":"closed","sticky":false,"template":"","format":"standard","meta":{"footnotes":""},"categories":[5,9],"tags":[],"class_list":{"0":"post-159856","1":"post","2":"type-post","3":"status-publish","4":"format-standard","5":"has-post-thumbnail","7":"category-destacado","8":"category-nacionales"},"_links":{"self":[{"href":"https:\/\/elluchador.info\/index.php?rest_route=\/wp\/v2\/posts\/159856","targetHints":{"allow":["GET"]}}],"collection":[{"href":"https:\/\/elluchador.info\/index.php?rest_route=\/wp\/v2\/posts"}],"about":[{"href":"https:\/\/elluchador.info\/index.php?rest_route=\/wp\/v2\/types\/post"}],"author":[{"embeddable":true,"href":"https:\/\/elluchador.info\/index.php?rest_route=\/wp\/v2\/users\/2"}],"replies":[{"embeddable":true,"href":"https:\/\/elluchador.info\/index.php?rest_route=%2Fwp%2Fv2%2Fcomments&post=159856"}],"version-history":[{"count":1,"href":"https:\/\/elluchador.info\/index.php?rest_route=\/wp\/v2\/posts\/159856\/revisions"}],"predecessor-version":[{"id":159858,"href":"https:\/\/elluchador.info\/index.php?rest_route=\/wp\/v2\/posts\/159856\/revisions\/159858"}],"wp:featuredmedia":[{"embeddable":true,"href":"https:\/\/elluchador.info\/index.php?rest_route=\/wp\/v2\/media\/159857"}],"wp:attachment":[{"href":"https:\/\/elluchador.info\/index.php?rest_route=%2Fwp%2Fv2%2Fmedia&parent=159856"}],"wp:term":[{"taxonomy":"category","embeddable":true,"href":"https:\/\/elluchador.info\/index.php?rest_route=%2Fwp%2Fv2%2Fcategories&post=159856"},{"taxonomy":"post_tag","embeddable":true,"href":"https:\/\/elluchador.info\/index.php?rest_route=%2Fwp%2Fv2%2Ftags&post=159856"}],"curies":[{"name":"wp","href":"https:\/\/api.w.org\/{rel}","templated":true}]}}