{"id":159877,"date":"2020-01-31T10:45:03","date_gmt":"2020-01-31T14:45:03","guid":{"rendered":"https:\/\/elluchador.info\/web\/?p=159877"},"modified":"2020-01-31T10:35:12","modified_gmt":"2020-01-31T14:35:12","slug":"camara-minera-de-piar-inicio-trabajos-de-limpieza-y-mantenimiento","status":"publish","type":"post","link":"https:\/\/elluchador.info\/?p=159877","title":{"rendered":"C\u00e1mara Minera de Piar inici\u00f3 trabajos de limpieza y mantenimiento"},"content":{"rendered":"\n<p>Ivan Berm\u00fadez, representante de la C\u00e1mara Minera de\nPiar (Camimpiar), en el municipio Piar, acompa\u00f1ado del Sindicato de la\nConstrucci\u00f3n, iniciaron los trabajos de limpieza, dezmalezamiento y otras\nlabores en la comunidad La Caramuca, sumandose los habitantes, \u201caqu\u00ed nos\nencontramos prestando nuestra colaboraci\u00f3n con el mantenimiento al sector\u201d,\ndestac\u00f3.<\/p>\n\n\n\n<p>Tambi\u00e9n hizo incapie en que a medida de los recursos obtenidos mensulamente, podr\u00e1n seguir realizando estos operativos en otros sectores, por tanto, Berm\u00fadez, extendi\u00f3 el llamado a los consejos comunales y comunas, unirse con ellos en esta iniciativa, \u201cestamos prestos para atender cualquier situaci\u00f3n que pueda presentarse en las comunidades\u201d, apunt\u00f3.<\/p>\n\n\n\n<figure class=\"wp-block-image\"><img loading=\"lazy\" decoding=\"async\" width=\"862\" height=\"768\" src=\"https:\/\/elluchador.info\/web\/wp-content\/uploads\/2020\/01\/N1-f3-calle-atendida.jpg\" alt=\"\" class=\"wp-image-159878\" srcset=\"https:\/\/elluchador.info\/wp-content\/uploads\/2020\/01\/N1-f3-calle-atendida.jpg 862w, https:\/\/elluchador.info\/wp-content\/uploads\/2020\/01\/N1-f3-calle-atendida-300x267.jpg 300w, https:\/\/elluchador.info\/wp-content\/uploads\/2020\/01\/N1-f3-calle-atendida-768x684.jpg 768w\" sizes=\"auto, (max-width: 862px) 100vw, 862px\" \/><\/figure>\n\n\n\n<p>Mientras que Jos\u00e9 Mart\u00ednez, secretario general de Sutic-Bol\u00edvar,\nexpres\u00f3, \u201ccomo dice la alcaldesa, estamos dando una Gota de Amor a la\ncomunidad, por lo que estamos enfrascados en la limpieza y mantenimiento de los\nsectores y escuelas, agradecemos a los habitantes por sumarse a este proyecto,\nel cual contempla pintura en los brocales, desmalezamiento en las \u00e1reas verdes\ny recolecci\u00f3n de basura\u201d.<\/p>\n\n\n\n<p><strong>Comunidad agradecida<\/strong><\/p>\n\n\n\n<p>Yaniraima Farrera, habitante del sector coment\u00f3, \u201cprimeramente doy gracias a Dios y al equipo antes mencionado, por la limpieza de nuestras calles\u201d. Asimismo, Marianela Ojeda resalt\u00f3, \u201cestamos agradecidos con la C\u00e1mara y Sindicato Futseb, por ese apoyo en cuanto al enbellecimiento de las vialidades, al igual, que el desmalezamiento en el polideportivo La Caramuca, tambi\u00e9n aprovech\u00f3 para hecer un llamado a la alcaldesa a trasladarse hasta este espacio y reunirse con los equipos deportivos y habitantes\u201d.<\/p>\n\n\n\n<p>Concluy\u00f3 Ana Lezama, directora la U.E.N La Caramuca, \u201cagradezco a la C\u00e1mara y Sindicato por los trabajos que iniciaron en el sector, dando cari\u00f1o en las vialidades y espacios\u201d.<\/p>\n\n\n\n<p><strong>Indira Zamora <\/strong><\/p>\n","protected":false},"excerpt":{"rendered":"<p>Ivan Berm\u00fadez, representante de la C\u00e1mara Minera de Piar (Camimpiar), en el municipio Piar, acompa\u00f1ado del Sindicato de la Construcci\u00f3n, iniciaron los trabajos de limpieza, dezmalezamiento y otras labores en la comunidad La Caramuca, sumandose los habitantes, \u201caqu\u00ed nos encontramos prestando nuestra colaboraci\u00f3n con el mantenimiento al sector\u201d, destac\u00f3. Tambi\u00e9n hizo incapie en que a [&hellip;]<\/p>\n","protected":false},"author":2,"featured_media":159880,"comment_status":"closed","ping_status":"closed","sticky":false,"template":"","format":"standard","meta":{"footnotes":""},"categories":[5,12],"tags":[],"class_list":{"0":"post-159877","1":"post","2":"type-post","3":"status-publish","4":"format-standard","5":"has-post-thumbnail","7":"category-destacado","8":"category-regionales"},"_links":{"self":[{"href":"https:\/\/elluchador.info\/index.php?rest_route=\/wp\/v2\/posts\/159877","targetHints":{"allow":["GET"]}}],"collection":[{"href":"https:\/\/elluchador.info\/index.php?rest_route=\/wp\/v2\/posts"}],"about":[{"href":"https:\/\/elluchador.info\/index.php?rest_route=\/wp\/v2\/types\/post"}],"author":[{"embeddable":true,"href":"https:\/\/elluchador.info\/index.php?rest_route=\/wp\/v2\/users\/2"}],"replies":[{"embeddable":true,"href":"https:\/\/elluchador.info\/index.php?rest_route=%2Fwp%2Fv2%2Fcomments&post=159877"}],"version-history":[{"count":1,"href":"https:\/\/elluchador.info\/index.php?rest_route=\/wp\/v2\/posts\/159877\/revisions"}],"predecessor-version":[{"id":159881,"href":"https:\/\/elluchador.info\/index.php?rest_route=\/wp\/v2\/posts\/159877\/revisions\/159881"}],"wp:featuredmedia":[{"embeddable":true,"href":"https:\/\/elluchador.info\/index.php?rest_route=\/wp\/v2\/media\/159880"}],"wp:attachment":[{"href":"https:\/\/elluchador.info\/index.php?rest_route=%2Fwp%2Fv2%2Fmedia&parent=159877"}],"wp:term":[{"taxonomy":"category","embeddable":true,"href":"https:\/\/elluchador.info\/index.php?rest_route=%2Fwp%2Fv2%2Fcategories&post=159877"},{"taxonomy":"post_tag","embeddable":true,"href":"https:\/\/elluchador.info\/index.php?rest_route=%2Fwp%2Fv2%2Ftags&post=159877"}],"curies":[{"name":"wp","href":"https:\/\/api.w.org\/{rel}","templated":true}]}}