{"id":159904,"date":"2020-01-31T12:13:34","date_gmt":"2020-01-31T16:13:34","guid":{"rendered":"https:\/\/elluchador.info\/web\/?p=159904"},"modified":"2020-01-31T12:04:01","modified_gmt":"2020-01-31T16:04:01","slug":"marquez-no-voy-a-ceder-ante-sentencia-del-tsj","status":"publish","type":"post","link":"https:\/\/elluchador.info\/?p=159904","title":{"rendered":"M\u00e1rquez: No voy a ceder ante sentencia del TSJ"},"content":{"rendered":"\n<p>&nbsp;El presidente de la Asociaci\u00f3n de Profesores de la Universidad Central de Venezuela (Apucv), V\u00edctor M\u00e1rquez, afirm\u00f3 que no permitir\u00e1n que el Poder Judicial convierta las elecciones acad\u00e9micas en actos pol\u00edticos.<\/p>\n\n\n\n<p>Reiter\u00f3 que los profesores de la casa de estudios se unieron para rechazar que el Tribunal Supremo de Justicia (TSJ), intervenga en los asuntos internos de la UCV y que se mantendr\u00e1n firmes en su decisi\u00f3n.<\/p>\n\n\n\n<blockquote class=\"wp-block-quote is-layout-flow wp-block-quote-is-layout-flow\"><p>\u201cNo vamos a ceder ante unos principios de car\u00e1cter doctrinarios porque ser\u00eda un p\u00e9simo ejemplo para la comunidad estudiantil; nosotros somos una instituci\u00f3n educativa y tenemos que decir que est\u00e1 dentro o fuera de la ley\u201d, dijo.<\/p><\/blockquote>\n\n\n\n<p>M\u00e1rquez insisti\u00f3 en que no pueden reconocer el proceso comicial solicitado por el TSJ porque que es \u201cinconstitucional\u201d. &nbsp;<\/p>\n\n\n\n<p>Indic\u00f3 que de los 897 profesores que participaron en la consulta, 96% rechaz\u00f3 la sentencia 0324 del \u00f3rgano Judicial y respald\u00f3 la convocatoria al proceso bajo la ley universitaria vigente. &nbsp;<\/p>\n\n\n\n<p>En el programa<em><strong>\u00a0En Vivo de Uni\u00f3n Radio<\/strong><\/em>, inform\u00f3 que los resultados ser\u00e1n entregados el pr\u00f3ximo mi\u00e9rcoles ante el Consejo Universitario.<\/p>\n\n\n\n<p><strong>unionradio.net <\/strong><\/p>\n","protected":false},"excerpt":{"rendered":"<p>&nbsp;El presidente de la Asociaci\u00f3n de Profesores de la Universidad Central de Venezuela (Apucv), V\u00edctor M\u00e1rquez, afirm\u00f3 que no permitir\u00e1n que el Poder Judicial convierta las elecciones acad\u00e9micas en actos pol\u00edticos. Reiter\u00f3 que los profesores de la casa de estudios se unieron para rechazar que el Tribunal Supremo de Justicia (TSJ), intervenga en los asuntos [&hellip;]<\/p>\n","protected":false},"author":2,"featured_media":159905,"comment_status":"closed","ping_status":"closed","sticky":false,"template":"","format":"standard","meta":{"footnotes":""},"categories":[5,9],"tags":[],"class_list":{"0":"post-159904","1":"post","2":"type-post","3":"status-publish","4":"format-standard","5":"has-post-thumbnail","7":"category-destacado","8":"category-nacionales"},"_links":{"self":[{"href":"https:\/\/elluchador.info\/index.php?rest_route=\/wp\/v2\/posts\/159904","targetHints":{"allow":["GET"]}}],"collection":[{"href":"https:\/\/elluchador.info\/index.php?rest_route=\/wp\/v2\/posts"}],"about":[{"href":"https:\/\/elluchador.info\/index.php?rest_route=\/wp\/v2\/types\/post"}],"author":[{"embeddable":true,"href":"https:\/\/elluchador.info\/index.php?rest_route=\/wp\/v2\/users\/2"}],"replies":[{"embeddable":true,"href":"https:\/\/elluchador.info\/index.php?rest_route=%2Fwp%2Fv2%2Fcomments&post=159904"}],"version-history":[{"count":1,"href":"https:\/\/elluchador.info\/index.php?rest_route=\/wp\/v2\/posts\/159904\/revisions"}],"predecessor-version":[{"id":159906,"href":"https:\/\/elluchador.info\/index.php?rest_route=\/wp\/v2\/posts\/159904\/revisions\/159906"}],"wp:featuredmedia":[{"embeddable":true,"href":"https:\/\/elluchador.info\/index.php?rest_route=\/wp\/v2\/media\/159905"}],"wp:attachment":[{"href":"https:\/\/elluchador.info\/index.php?rest_route=%2Fwp%2Fv2%2Fmedia&parent=159904"}],"wp:term":[{"taxonomy":"category","embeddable":true,"href":"https:\/\/elluchador.info\/index.php?rest_route=%2Fwp%2Fv2%2Fcategories&post=159904"},{"taxonomy":"post_tag","embeddable":true,"href":"https:\/\/elluchador.info\/index.php?rest_route=%2Fwp%2Fv2%2Ftags&post=159904"}],"curies":[{"name":"wp","href":"https:\/\/api.w.org\/{rel}","templated":true}]}}