{"id":159990,"date":"2020-02-01T09:14:50","date_gmt":"2020-02-01T13:14:50","guid":{"rendered":"https:\/\/elluchador.info\/web\/?p=159990"},"modified":"2020-02-01T07:25:23","modified_gmt":"2020-02-01T11:25:23","slug":"maduro-solicito-a-la-anc-crear-comision-para-reformar-poder-judicial","status":"publish","type":"post","link":"https:\/\/elluchador.info\/?p=159990","title":{"rendered":"Maduro solicit\u00f3 a la ANC crear comisi\u00f3n para reformar Poder Judicial"},"content":{"rendered":"\n<p>El jefe de Estado, Nicol\u00e1s Maduro, solicit\u00f3 al presidente de la Asamblea Nacional Constituyente (ANC), Diosdado Cabello, crear una comisi\u00f3n para que efect\u00fae una reforma del Poder Judicial del pa\u00eds, la cual estar\u00e1 presidida por la vicepresidenta Ejecutiva, Delcy Rodr\u00edguez.&nbsp;<\/p>\n\n\n\n<figure class=\"wp-block-image\"><a href=\"https:\/\/twitter.com\/hashtag\/Ent%C3%A9rate?src=hash&amp;ref_src=twsrc%5Etfw\"><img decoding=\"async\" src=\"https:\/\/s.w.org\/images\/core\/emoji\/12.0.0-1\/svg\/1f4f9.svg\" alt=\"?\"\/><\/a><\/figure>\n\n\n\n<p>\u201cMe atrevo a proponer a la Asamblea Nacional Constituyente a &nbsp;que asuma y nombre una alta comisi\u00f3n para hacer reforma profunda del Poder Judicial&nbsp; venezolano y llevar a un cambio de todas las estructuras del poder judicial\u201d, precis\u00f3.<\/p>\n\n\n\n<p>Asimismo, propuso a la vicepresidenta ejecutiva, Delcy Rodr\u00edguez, encabezar a la nueva comisi\u00f3n \u201creorganizadora de todo el sistema de justicia de Venezuela donde se le d\u00e9 un nuevo impulso, un nuevo empuje\u00a0 a la Constituci\u00f3n, a sus postulados y al sistema de justicia de manera integral\u201d,  acot\u00f3 el\u00a0Presidente ante el clamor de un pueblo que exige justicia ante las acciones que han perjudicado de manera directa el buen vivir y el derecho a vivir en paz. UN<\/p>\n","protected":false},"excerpt":{"rendered":"<p>El jefe de Estado, Nicol\u00e1s Maduro, solicit\u00f3 al presidente de la Asamblea Nacional Constituyente (ANC), Diosdado Cabello, crear una comisi\u00f3n para que efect\u00fae una reforma del Poder Judicial del pa\u00eds, la cual estar\u00e1 presidida por la vicepresidenta Ejecutiva, Delcy Rodr\u00edguez.&nbsp; \u201cMe atrevo a proponer a la Asamblea Nacional Constituyente a &nbsp;que asuma y nombre una [&hellip;]<\/p>\n","protected":false},"author":2,"featured_media":159991,"comment_status":"closed","ping_status":"closed","sticky":false,"template":"","format":"standard","meta":{"footnotes":""},"categories":[5,9],"tags":[],"class_list":{"0":"post-159990","1":"post","2":"type-post","3":"status-publish","4":"format-standard","5":"has-post-thumbnail","7":"category-destacado","8":"category-nacionales"},"_links":{"self":[{"href":"https:\/\/elluchador.info\/index.php?rest_route=\/wp\/v2\/posts\/159990","targetHints":{"allow":["GET"]}}],"collection":[{"href":"https:\/\/elluchador.info\/index.php?rest_route=\/wp\/v2\/posts"}],"about":[{"href":"https:\/\/elluchador.info\/index.php?rest_route=\/wp\/v2\/types\/post"}],"author":[{"embeddable":true,"href":"https:\/\/elluchador.info\/index.php?rest_route=\/wp\/v2\/users\/2"}],"replies":[{"embeddable":true,"href":"https:\/\/elluchador.info\/index.php?rest_route=%2Fwp%2Fv2%2Fcomments&post=159990"}],"version-history":[{"count":1,"href":"https:\/\/elluchador.info\/index.php?rest_route=\/wp\/v2\/posts\/159990\/revisions"}],"predecessor-version":[{"id":159992,"href":"https:\/\/elluchador.info\/index.php?rest_route=\/wp\/v2\/posts\/159990\/revisions\/159992"}],"wp:featuredmedia":[{"embeddable":true,"href":"https:\/\/elluchador.info\/index.php?rest_route=\/wp\/v2\/media\/159991"}],"wp:attachment":[{"href":"https:\/\/elluchador.info\/index.php?rest_route=%2Fwp%2Fv2%2Fmedia&parent=159990"}],"wp:term":[{"taxonomy":"category","embeddable":true,"href":"https:\/\/elluchador.info\/index.php?rest_route=%2Fwp%2Fv2%2Fcategories&post=159990"},{"taxonomy":"post_tag","embeddable":true,"href":"https:\/\/elluchador.info\/index.php?rest_route=%2Fwp%2Fv2%2Ftags&post=159990"}],"curies":[{"name":"wp","href":"https:\/\/api.w.org\/{rel}","templated":true}]}}