{"id":159993,"date":"2020-02-01T10:14:32","date_gmt":"2020-02-01T14:14:32","guid":{"rendered":"https:\/\/elluchador.info\/web\/?p=159993"},"modified":"2020-02-01T07:31:04","modified_gmt":"2020-02-01T11:31:04","slug":"en-varios-estados-hoy-celebran-a-la-virgen-de-la-candelaria","status":"publish","type":"post","link":"https:\/\/elluchador.info\/?p=159993","title":{"rendered":"En varios estados hoy celebran a la Virgen de la Candelaria"},"content":{"rendered":"\n<p>En el estado Gu\u00e1rico, los guarique\u00f1os y guarique\u00f1as se preparan para celebrar las fiestas patronales en honor a la Virgen de la Candelaria, santa patrona de la ciudad de Valle de la Pascua del municipio Leonardo Infante.<\/p>\n\n\n\n<p>Esta es una de las tradiciones m\u00e1s destacadas de la entidad llanera, en la cual los feligreses propios y visitantes reafirman su fe.<\/p>\n\n\n\n<p>En esta ocasi\u00f3n, se celebrar\u00e1 la quinquag\u00e9sima quinta (LII) edici\u00f3n de las ferias, la cual cuenta con un amplio repertorio de actividades, que se inician hoy s\u00e1bado primero de febrero con una serenata a Nuestra Se\u00f1ora de la Candelaria en la plaza Bol\u00edvar, y posteriormente el dos de febrero, D\u00eda de la Patrona, se realizar\u00e1 misa solemne y procesi\u00f3n alrededor de la imagen de la Virgen. Esto como parte de las actividades protocolares y religiosas.<\/p>\n\n\n\n<p>Adem\u00e1s, el comit\u00e9 organizador de las Ferias de la Candelaria estableci\u00f3 un cronograma de actividades recreativas y culturales para el disfrute de los guarique\u00f1os y visitantes que se realizar\u00e1n desde el 6 al 9 de febrero.<\/p>\n\n\n\n<p>Estas actividades iniciar\u00e1n con el desfile inaugural donde participar\u00e1n diferentes instituciones y comunidades organizadas que presentar\u00e1n sus carrozas coloridas con tem\u00e1ticas de la cultura llanera.<\/p>\n\n\n\n<p>Asimismo, se realizar\u00e1n exposiciones ganaderas, Gala de Deporte, Festival Panojerito y Panoja de Oro 2020, Ciclo Cicl\u00edstico, corrida de toros, Amanecer Llanero, entre otras.<\/p>\n\n\n\n<p><strong>Anzo\u00e1tegui<\/strong><\/p>\n\n\n\n<p>Mientras tanto, en otro estado del pa\u00eds, durante el mes de enero se realiza la peregrinaci\u00f3n de la imagen de Nuestra Se\u00f1ora de la Candelaria. Y este domingo 2 de febrero los anzoatiguenses rendir\u00e1n honores a su patrona espiritual con misas solemnes a las 6:00 y 10:00 de la ma\u00f1ana y una celebraci\u00f3n eucar\u00edstica a las 6:00 de la tarde.<\/p>\n\n\n\n<p>A las cinco de la ma\u00f1ana de ese mismo d\u00eda fieles participar\u00e1n en el repique de campanas y en el Rosario de la Aurora en el santuario mariano. Luego, dos horas despu\u00e9s realizar\u00e1n la bendici\u00f3n de las velas de la Candelaria.<\/p>\n\n\n\n<p>El alcalde del municipio Freites, Daniel Haro, inform\u00f3 que se realizar\u00e1n dos procesiones por las calles de Cantaura, ciudad que alberga el santuario y el Paseo Culto Recreacional en honor a esa advocaci\u00f3n de la Virgen Mar\u00eda.<\/p>\n\n\n\n<p>La primera se realizar\u00e1 desde el templo hasta el paseo de la Virgen a las ocho de la ma\u00f1ana, donde se oficiar\u00e1 la eucarist\u00eda de las diez de la ma\u00f1ana, y a las siete de la noche los devotos podr\u00e1n acompa\u00f1ar a la imagen de vuelta al santuario.<\/p>\n\n\n\n<p>El alcalde, en ocasi\u00f3n de la conmemoraci\u00f3n de los 25 a\u00f1os de la Coronaci\u00f3n Can\u00f3nica de la Virgen, que tambi\u00e9n es considerada patrona de Cantaura, decret\u00f3 c\u00f3mo d\u00eda de j\u00fabilo no laborable el d\u00eda tres de febrero en toda la jurisdicci\u00f3n.<\/p>\n\n\n\n<p><strong>M\u00e9rida<\/strong><\/p>\n\n\n\n<p>En esta entidad andina la Virgen de la Candelaria es patrona de ciudad de Bailadores y de la parroquia Milla de la ciudad de M\u00e9rida.<\/p>\n\n\n\n<p>En Bailadores existe el santuario diocesano Nuestra Se\u00f1ora de la Candelaria, donde los feligreses todos los dos de febrero de cada a\u00f1o en la madrugada le dan una serenata en su honor. UN<\/p>\n","protected":false},"excerpt":{"rendered":"<p>En el estado Gu\u00e1rico, los guarique\u00f1os y guarique\u00f1as se preparan para celebrar las fiestas patronales en honor a la Virgen de la Candelaria, santa patrona de la ciudad de Valle de la Pascua del municipio Leonardo Infante. Esta es una de las tradiciones m\u00e1s destacadas de la entidad llanera, en la cual los feligreses propios [&hellip;]<\/p>\n","protected":false},"author":2,"featured_media":159994,"comment_status":"closed","ping_status":"closed","sticky":false,"template":"","format":"standard","meta":{"footnotes":""},"categories":[9],"tags":[],"class_list":{"0":"post-159993","1":"post","2":"type-post","3":"status-publish","4":"format-standard","5":"has-post-thumbnail","7":"category-nacionales"},"_links":{"self":[{"href":"https:\/\/elluchador.info\/index.php?rest_route=\/wp\/v2\/posts\/159993","targetHints":{"allow":["GET"]}}],"collection":[{"href":"https:\/\/elluchador.info\/index.php?rest_route=\/wp\/v2\/posts"}],"about":[{"href":"https:\/\/elluchador.info\/index.php?rest_route=\/wp\/v2\/types\/post"}],"author":[{"embeddable":true,"href":"https:\/\/elluchador.info\/index.php?rest_route=\/wp\/v2\/users\/2"}],"replies":[{"embeddable":true,"href":"https:\/\/elluchador.info\/index.php?rest_route=%2Fwp%2Fv2%2Fcomments&post=159993"}],"version-history":[{"count":1,"href":"https:\/\/elluchador.info\/index.php?rest_route=\/wp\/v2\/posts\/159993\/revisions"}],"predecessor-version":[{"id":159995,"href":"https:\/\/elluchador.info\/index.php?rest_route=\/wp\/v2\/posts\/159993\/revisions\/159995"}],"wp:featuredmedia":[{"embeddable":true,"href":"https:\/\/elluchador.info\/index.php?rest_route=\/wp\/v2\/media\/159994"}],"wp:attachment":[{"href":"https:\/\/elluchador.info\/index.php?rest_route=%2Fwp%2Fv2%2Fmedia&parent=159993"}],"wp:term":[{"taxonomy":"category","embeddable":true,"href":"https:\/\/elluchador.info\/index.php?rest_route=%2Fwp%2Fv2%2Fcategories&post=159993"},{"taxonomy":"post_tag","embeddable":true,"href":"https:\/\/elluchador.info\/index.php?rest_route=%2Fwp%2Fv2%2Ftags&post=159993"}],"curies":[{"name":"wp","href":"https:\/\/api.w.org\/{rel}","templated":true}]}}