{"id":160005,"date":"2020-02-01T21:00:13","date_gmt":"2020-02-02T01:00:13","guid":{"rendered":"https:\/\/elluchador.info\/web\/?p=160005"},"modified":"2020-02-01T07:43:36","modified_gmt":"2020-02-01T11:43:36","slug":"mp-dicta-orden-de-captura-contra-homicidas-de-victor-soto-rojas","status":"publish","type":"post","link":"https:\/\/elluchador.info\/?p=160005","title":{"rendered":"MP dicta orden de captura contra homicidas de V\u00edctor Soto Rojas"},"content":{"rendered":"\n<p>Por solicitud Ministerio P\u00fablico (MP) se orden\u00f3 la captura de los presuntos asesinos del revolucionario V\u00edctor Soto Rojas, quien despareci\u00f3 el 22 de julio de 1964, durante el gobierno de Ra\u00fal Leoni, inform\u00f3 este viernes el fiscal general de la Rep\u00fablica, Tarek William Saab, en Twitter.<\/p>\n\n\n\n<p>En el mensaje publicado en la referida red social se\u00f1ala que las autoridades se encuentran tras la b\u00fasqueda del Capit\u00e1n H\u00e9ctor Pe\u00f1a, el Teniente Edgar Reineiro P\u00e9rez, Jos\u00e9 Hern\u00e1ndez, Mart\u00ednez Granados, Jos\u00e9 Ram\u00f3n Antunez y Alfredo Vides. UN<br><\/p>\n","protected":false},"excerpt":{"rendered":"<p>Por solicitud Ministerio P\u00fablico (MP) se orden\u00f3 la captura de los presuntos asesinos del revolucionario V\u00edctor Soto Rojas, quien despareci\u00f3 el 22 de julio de 1964, durante el gobierno de Ra\u00fal Leoni, inform\u00f3 este viernes el fiscal general de la Rep\u00fablica, Tarek William Saab, en Twitter. En el mensaje publicado en la referida red social [&hellip;]<\/p>\n","protected":false},"author":2,"featured_media":160006,"comment_status":"closed","ping_status":"closed","sticky":false,"template":"","format":"standard","meta":{"footnotes":""},"categories":[13],"tags":[],"class_list":{"0":"post-160005","1":"post","2":"type-post","3":"status-publish","4":"format-standard","5":"has-post-thumbnail","7":"category-sucesos"},"_links":{"self":[{"href":"https:\/\/elluchador.info\/index.php?rest_route=\/wp\/v2\/posts\/160005","targetHints":{"allow":["GET"]}}],"collection":[{"href":"https:\/\/elluchador.info\/index.php?rest_route=\/wp\/v2\/posts"}],"about":[{"href":"https:\/\/elluchador.info\/index.php?rest_route=\/wp\/v2\/types\/post"}],"author":[{"embeddable":true,"href":"https:\/\/elluchador.info\/index.php?rest_route=\/wp\/v2\/users\/2"}],"replies":[{"embeddable":true,"href":"https:\/\/elluchador.info\/index.php?rest_route=%2Fwp%2Fv2%2Fcomments&post=160005"}],"version-history":[{"count":1,"href":"https:\/\/elluchador.info\/index.php?rest_route=\/wp\/v2\/posts\/160005\/revisions"}],"predecessor-version":[{"id":160007,"href":"https:\/\/elluchador.info\/index.php?rest_route=\/wp\/v2\/posts\/160005\/revisions\/160007"}],"wp:featuredmedia":[{"embeddable":true,"href":"https:\/\/elluchador.info\/index.php?rest_route=\/wp\/v2\/media\/160006"}],"wp:attachment":[{"href":"https:\/\/elluchador.info\/index.php?rest_route=%2Fwp%2Fv2%2Fmedia&parent=160005"}],"wp:term":[{"taxonomy":"category","embeddable":true,"href":"https:\/\/elluchador.info\/index.php?rest_route=%2Fwp%2Fv2%2Fcategories&post=160005"},{"taxonomy":"post_tag","embeddable":true,"href":"https:\/\/elluchador.info\/index.php?rest_route=%2Fwp%2Fv2%2Ftags&post=160005"}],"curies":[{"name":"wp","href":"https:\/\/api.w.org\/{rel}","templated":true}]}}