{"id":160097,"date":"2020-02-02T12:00:41","date_gmt":"2020-02-02T16:00:41","guid":{"rendered":"https:\/\/elluchador.info\/web\/?p=160097"},"modified":"2020-02-02T08:50:57","modified_gmt":"2020-02-02T12:50:57","slug":"yulimar-rojas-batio-record-nacional-de-salto-largo","status":"publish","type":"post","link":"https:\/\/elluchador.info\/?p=160097","title":{"rendered":"Yulimar Rojas bati\u00f3 r\u00e9cord nacional de salto largo"},"content":{"rendered":"\n<p>La multicampeona del mundo, Yulimar Rojas debut\u00f3 de manera magistral en la temporada bajo techo, y se apunt\u00f3 la victoria en el salto largo en la edici\u00f3n n\u00famero 39 de la Copa de Espa\u00f1a de Clubes de pista cubierta que se efectu\u00f3 en el Vel\u00f3dromo Luis Puig de Valencia, Espa\u00f1a.<br><\/p>\n\n\n\n<p>Rojas vistiendo el uniforme del FC Barcelona, se llev\u00f3 el primer lugar con un mejor brinco de 6.59 metros, dejando en el segundo lugar a F\u00e1tima Diame del Valencia FC, (6.56) y el tercer lugar fue para Laila Lacuy del Pamplona con 6.00 metros.<br><\/p>\n\n\n\n<p>La entrenada por el cubano, Ivan Pedroso con ese 6.59 metros, impuso un nuevo r\u00e9cord nacional indoor, superando al anterior, de la carabobe\u00f1a, Jhoanmy Luque quien hizo el 24 de febrero de 2017 6.53.<br><\/p>\n\n\n\n<p>Rojas tuvo el siguiente concurso en Valencia: foul en su primer intento, 6.53; all\u00ed empato el record nacional, 6.59, impuso nueva marca para Venezuela en pista cubierta, 5.95 en, 6.10 y 6.55 en los otros saltos.<br><\/p>\n\n\n\n<p>G\u00e9nesis Romero plata. Estren\u00e1ndose en eventos indoor este a\u00f1o, la carabobe\u00f1a fue segunda en los 60 metros con vallas, superada por Caridad Jerez, quien hizo 8.26 segundos, por 8.31 de G\u00e9nesis. UN<\/p>\n","protected":false},"excerpt":{"rendered":"<p>La multicampeona del mundo, Yulimar Rojas debut\u00f3 de manera magistral en la temporada bajo techo, y se apunt\u00f3 la victoria en el salto largo en la edici\u00f3n n\u00famero 39 de la Copa de Espa\u00f1a de Clubes de pista cubierta que se efectu\u00f3 en el Vel\u00f3dromo Luis Puig de Valencia, Espa\u00f1a. Rojas vistiendo el uniforme del [&hellip;]<\/p>\n","protected":false},"author":2,"featured_media":160098,"comment_status":"closed","ping_status":"closed","sticky":false,"template":"","format":"standard","meta":{"footnotes":""},"categories":[4,5],"tags":[],"class_list":{"0":"post-160097","1":"post","2":"type-post","3":"status-publish","4":"format-standard","5":"has-post-thumbnail","7":"category-deportes","8":"category-destacado"},"_links":{"self":[{"href":"https:\/\/elluchador.info\/index.php?rest_route=\/wp\/v2\/posts\/160097","targetHints":{"allow":["GET"]}}],"collection":[{"href":"https:\/\/elluchador.info\/index.php?rest_route=\/wp\/v2\/posts"}],"about":[{"href":"https:\/\/elluchador.info\/index.php?rest_route=\/wp\/v2\/types\/post"}],"author":[{"embeddable":true,"href":"https:\/\/elluchador.info\/index.php?rest_route=\/wp\/v2\/users\/2"}],"replies":[{"embeddable":true,"href":"https:\/\/elluchador.info\/index.php?rest_route=%2Fwp%2Fv2%2Fcomments&post=160097"}],"version-history":[{"count":1,"href":"https:\/\/elluchador.info\/index.php?rest_route=\/wp\/v2\/posts\/160097\/revisions"}],"predecessor-version":[{"id":160099,"href":"https:\/\/elluchador.info\/index.php?rest_route=\/wp\/v2\/posts\/160097\/revisions\/160099"}],"wp:featuredmedia":[{"embeddable":true,"href":"https:\/\/elluchador.info\/index.php?rest_route=\/wp\/v2\/media\/160098"}],"wp:attachment":[{"href":"https:\/\/elluchador.info\/index.php?rest_route=%2Fwp%2Fv2%2Fmedia&parent=160097"}],"wp:term":[{"taxonomy":"category","embeddable":true,"href":"https:\/\/elluchador.info\/index.php?rest_route=%2Fwp%2Fv2%2Fcategories&post=160097"},{"taxonomy":"post_tag","embeddable":true,"href":"https:\/\/elluchador.info\/index.php?rest_route=%2Fwp%2Fv2%2Ftags&post=160097"}],"curies":[{"name":"wp","href":"https:\/\/api.w.org\/{rel}","templated":true}]}}