{"id":160332,"date":"2020-02-04T05:41:49","date_gmt":"2020-02-04T09:41:49","guid":{"rendered":"https:\/\/elluchador.info\/web\/?p=160332"},"modified":"2020-02-03T16:24:43","modified_gmt":"2020-02-03T20:24:43","slug":"alcalde-sergio-hernandez-celebra-logro-exitoso-de-fiesta-de-la-sapoara","status":"publish","type":"post","link":"https:\/\/elluchador.info\/?p=160332","title":{"rendered":"Alcalde Sergio Hern\u00e1ndez celebra logro exitoso de fiesta de la Sapoara"},"content":{"rendered":"\n<p>Desde el pasado a\u00f1o 2019, durante el mes de agosto en Ciudad Bol\u00edvar, municipio Heres del estado Bol\u00edvar, la Fundaci\u00f3n de Ferias Orinoco (FundaOrinoco) y la\u00a0 \u00a0Alcald\u00eda de Heres celebr\u00f3 la grandiosa y singular Feria del Orinoco, la cual cont\u00f3 con actividades diversas planificadas y efectuadas para toda la familia de propios y visitantes.<\/p>\n\n\n\n<p>Gracias al empe\u00f1o\ndel alcalde de la ciudad, Sergio Hern\u00e1ndez,&nbsp;la Feria del Orinocoha calado en todos los niveles\ndebido a la excelente organizaci\u00f3n, con&nbsp;una amplia revelaci\u00f3n de talento\nregional; cantantes, danzarines, comediantes, actores, principalmente una\nmuestra colectiva de emprendedores, expositores y cultores de la zona, as\u00ed\nexplic\u00f3 la directora de Turismo de la alcald\u00eda de Heres, Arelis Hern\u00e1ndez.<\/p>\n\n\n\n<p>\u201cGrata sorpresa\npara el burgomaestre Sergio Hern\u00e1ndez, que el equipo multidisciplinario,\nrepresentantes del Bureao Internacional de Capitales Culturales y de la\nAcademia de la Lengua (Cap\u00edtulo Anzo\u00e1tegui) de Venezuela, aceptaran la\ninvitaci\u00f3n a la Feria, la cual debido a una amplia agenda singular de\npresentaciones esplendidas frente al majestuoso y fascinante r\u00edo Orinoco,\nadem\u00e1s de lo impecable del espacio donde se desarrolla la feria, las\nactividades deportivas y recreativas gratuitas para toda la familia, impacto al\nequipo evaluador\u201d, dijo la titular de Turismo.<\/p>\n\n\n\n<p><strong>Feria Internacional<\/strong><\/p>\n\n\n\n<p>Antes de elevar la\npropuesta el equipo visitante constat\u00f3 que la feria cuenta con est\u00e1ndares\nrequeridos para este fin, en cuanto a seguridad, servicios, vialidad,\nfactibilidad de transportes urbanos y extra urbanos y dem\u00e1s pormenores que\nfueron impresos en el informe que present\u00f3 la comisi\u00f3n en Caracas y Espa\u00f1a,\naseguro Yenny de S\u00e1nchez, subdirectora de Turismo.<\/p>\n\n\n\n<p>Sergio Hern\u00e1ndez, acompa\u00f1ado de su tren gerencial de Turismo, a cargo de las licenciadas Arelis Hern\u00e1ndez y Yenny de S\u00e1nchez, directora y subdirectora de Turismo municipal, mostraron a\u00a0Gheysa Janeth Jim\u00e9nez, presidenta de la academia de la lengua- Capitulo Anzo\u00e1tegui y representante del Bureao Internacional de Capitales Culturales\u00a0de la Academia de la Lengua de Venezuela, durante el recorrido a la feria verificaron la excelencia de la misma para llevar la propuesta, fue as\u00ed como se obtuvo la certificaci\u00f3n.<\/p>\n\n\n\n<p><strong>Prensa Alcald\u00eda de Heres\/Turismo<\/strong><\/p>\n","protected":false},"excerpt":{"rendered":"<p>Desde el pasado a\u00f1o 2019, durante el mes de agosto en Ciudad Bol\u00edvar, municipio Heres del estado Bol\u00edvar, la Fundaci\u00f3n de Ferias Orinoco (FundaOrinoco) y la\u00a0 \u00a0Alcald\u00eda de Heres celebr\u00f3 la grandiosa y singular Feria del Orinoco, la cual cont\u00f3 con actividades diversas planificadas y efectuadas para toda la familia de propios y visitantes. Gracias [&hellip;]<\/p>\n","protected":false},"author":2,"featured_media":160336,"comment_status":"closed","ping_status":"closed","sticky":false,"template":"","format":"standard","meta":{"footnotes":""},"categories":[20,12],"tags":[],"class_list":{"0":"post-160332","1":"post","2":"type-post","3":"status-publish","4":"format-standard","5":"has-post-thumbnail","7":"category-municipal","8":"category-regionales"},"_links":{"self":[{"href":"https:\/\/elluchador.info\/index.php?rest_route=\/wp\/v2\/posts\/160332","targetHints":{"allow":["GET"]}}],"collection":[{"href":"https:\/\/elluchador.info\/index.php?rest_route=\/wp\/v2\/posts"}],"about":[{"href":"https:\/\/elluchador.info\/index.php?rest_route=\/wp\/v2\/types\/post"}],"author":[{"embeddable":true,"href":"https:\/\/elluchador.info\/index.php?rest_route=\/wp\/v2\/users\/2"}],"replies":[{"embeddable":true,"href":"https:\/\/elluchador.info\/index.php?rest_route=%2Fwp%2Fv2%2Fcomments&post=160332"}],"version-history":[{"count":1,"href":"https:\/\/elluchador.info\/index.php?rest_route=\/wp\/v2\/posts\/160332\/revisions"}],"predecessor-version":[{"id":160337,"href":"https:\/\/elluchador.info\/index.php?rest_route=\/wp\/v2\/posts\/160332\/revisions\/160337"}],"wp:featuredmedia":[{"embeddable":true,"href":"https:\/\/elluchador.info\/index.php?rest_route=\/wp\/v2\/media\/160336"}],"wp:attachment":[{"href":"https:\/\/elluchador.info\/index.php?rest_route=%2Fwp%2Fv2%2Fmedia&parent=160332"}],"wp:term":[{"taxonomy":"category","embeddable":true,"href":"https:\/\/elluchador.info\/index.php?rest_route=%2Fwp%2Fv2%2Fcategories&post=160332"},{"taxonomy":"post_tag","embeddable":true,"href":"https:\/\/elluchador.info\/index.php?rest_route=%2Fwp%2Fv2%2Ftags&post=160332"}],"curies":[{"name":"wp","href":"https:\/\/api.w.org\/{rel}","templated":true}]}}