{"id":160333,"date":"2020-02-04T06:10:02","date_gmt":"2020-02-04T10:10:02","guid":{"rendered":"https:\/\/elluchador.info\/web\/?p=160333"},"modified":"2020-02-03T16:12:58","modified_gmt":"2020-02-03T20:12:58","slug":"hernandez-4-de-febrero-de-1992-desperto-el-espiritu-genuino-de-los-libertadores","status":"publish","type":"post","link":"https:\/\/elluchador.info\/?p=160333","title":{"rendered":"Hern\u00e1ndez: 4 de Febrero de 1992 despert\u00f3 el esp\u00edritu genuino de los libertadores"},"content":{"rendered":"\n<p>Con orgullo revolucionario y cargado del m\u00e1s puro amor bolivariano, el coordinador municipal del Partido Socialista Unido de Venezuela (PSUV) para el municipio Heres, Sergio Hern\u00e1ndez conmemora el vig\u00e9simo octavo aniversario de la rebeli\u00f3n militar del 4 de Febrero de 1992, D\u00eda de la Dignidad Nacional. Hoy el mandatario municipal estar\u00e1 participando de los actos protocolares junto a hombres y mujeres combativos de aquel hist\u00f3rico d\u00eda que dio inicio a la transformaci\u00f3n social y pol\u00edtica de la Patria grande.<\/p>\n\n\n\n<p>\u201cHemos amanecido en las calles en\nmarcha patriota, en uni\u00f3n c\u00edvico-militar. Este amanecer nos debe recordar aquel\nd\u00eda de hace 28 a\u00f1os, cuando empez\u00f3 el camino que hoy continua siempre con Ch\u00e1vez\nal frente, siempre con la dignidad de un pueblo, hoy Ciudad Bol\u00edvar rememora la\nlucha del grande de Am\u00e9rica y Libertador del siglo XXI\u201d, destac\u00f3 el coordinador\ndel PSUV, con motivo a rendir honor a los ca\u00eddos en \u00e9sta emblem\u00e1tica fecha.<\/p>\n\n\n\n<p>Sergio Hern\u00e1ndez, asegur\u00f3 que\nesta fecha permite reivindicar la lucha por la soberan\u00eda nacional, la\nindependencia absoluta de la Patria y el respeto a los valores de la Rep\u00fablica\nBolivariana de Venezuela. \u201cAqu\u00ed estamos de pie m\u00e1s fuertes que nunca, m\u00e1s\nunidos que nunca para decirle a Ch\u00e1vez que vali\u00f3 la pena tanto esfuerzo, tantas\nbatallas, tanto desvelo pero sobre todo tanto amor por este noble pueblo\u201d.<\/p>\n\n\n\n<p>El tambi\u00e9n Alcalde del municipio\nBolivariano de Heres, subray\u00f3 que la rebeli\u00f3n c\u00edvico-militar del 4 de Febrero\nde 1992 despert\u00f3 el esp\u00edritu genuino de los libertadores para hacerse pueblo,\nejercito, proyecto nacional y esperanza de futuro. \u201cEn el \u2018por ahora\u2019 del\nComandante Ch\u00e1vez se recogi\u00f3 todo el sue\u00f1o y la esperanza en el futuro de un\npueblo traicionado, humillado, despreciado, un pueblo que estaba hu\u00e9rfano\u201d.<\/p>\n\n\n\n<p>Indic\u00f3 que la verdad de la\nRevoluci\u00f3n Bolivariana naci\u00f3 hace 28 a\u00f1os en una rebeli\u00f3n contra el Fondo\nMonetario Internacional (FMI), contra el neoliberalismo, la oligarqu\u00eda, el\nentreguismo y los traidores de la Patria que la gobernaban en esa \u00e9poca. Alert\u00f3\nque los imperios que quieren apoderarse de las riquezas de Venezuela hoy\nnuevamente se desbocan con agresiones y amenazas, y ante ello se mantiene viva\n\u201cla esencia del 4 de febrero \u2013que- es la rebeli\u00f3n popular y militar para\ndefender el concepto de Patria de la mano del guerrero hijo del comandante\nCh\u00e1vez, el conductor de victoria, nuestro hermano presidente Nicol\u00e1s Maduro\u201d.<\/p>\n\n\n\n<p>Resalt\u00f3 que la clave de este periodo hist\u00f3rico es que no ha habido ni habr\u00e1 traici\u00f3n, \u201cha habido lealtad al pueblo, a los ideales, a la esperanza y la causa hist\u00f3rica (\u2026) en 28 a\u00f1os de rebeli\u00f3n permanente y 21 a\u00f1os de batalla y victoria ha habido grandes ense\u00f1anzas\u201d.<\/p>\n\n\n\n<p><strong>Prensa PSUV-Heres<\/strong><\/p>\n","protected":false},"excerpt":{"rendered":"<p>Con orgullo revolucionario y cargado del m\u00e1s puro amor bolivariano, el coordinador municipal del Partido Socialista Unido de Venezuela (PSUV) para el municipio Heres, Sergio Hern\u00e1ndez conmemora el vig\u00e9simo octavo aniversario de la rebeli\u00f3n militar del 4 de Febrero de 1992, D\u00eda de la Dignidad Nacional. Hoy el mandatario municipal estar\u00e1 participando de los actos [&hellip;]<\/p>\n","protected":false},"author":2,"featured_media":160334,"comment_status":"closed","ping_status":"closed","sticky":false,"template":"","format":"standard","meta":{"footnotes":""},"categories":[11],"tags":[],"class_list":{"0":"post-160333","1":"post","2":"type-post","3":"status-publish","4":"format-standard","5":"has-post-thumbnail","7":"category-politica"},"_links":{"self":[{"href":"https:\/\/elluchador.info\/index.php?rest_route=\/wp\/v2\/posts\/160333","targetHints":{"allow":["GET"]}}],"collection":[{"href":"https:\/\/elluchador.info\/index.php?rest_route=\/wp\/v2\/posts"}],"about":[{"href":"https:\/\/elluchador.info\/index.php?rest_route=\/wp\/v2\/types\/post"}],"author":[{"embeddable":true,"href":"https:\/\/elluchador.info\/index.php?rest_route=\/wp\/v2\/users\/2"}],"replies":[{"embeddable":true,"href":"https:\/\/elluchador.info\/index.php?rest_route=%2Fwp%2Fv2%2Fcomments&post=160333"}],"version-history":[{"count":1,"href":"https:\/\/elluchador.info\/index.php?rest_route=\/wp\/v2\/posts\/160333\/revisions"}],"predecessor-version":[{"id":160335,"href":"https:\/\/elluchador.info\/index.php?rest_route=\/wp\/v2\/posts\/160333\/revisions\/160335"}],"wp:featuredmedia":[{"embeddable":true,"href":"https:\/\/elluchador.info\/index.php?rest_route=\/wp\/v2\/media\/160334"}],"wp:attachment":[{"href":"https:\/\/elluchador.info\/index.php?rest_route=%2Fwp%2Fv2%2Fmedia&parent=160333"}],"wp:term":[{"taxonomy":"category","embeddable":true,"href":"https:\/\/elluchador.info\/index.php?rest_route=%2Fwp%2Fv2%2Fcategories&post=160333"},{"taxonomy":"post_tag","embeddable":true,"href":"https:\/\/elluchador.info\/index.php?rest_route=%2Fwp%2Fv2%2Ftags&post=160333"}],"curies":[{"name":"wp","href":"https:\/\/api.w.org\/{rel}","templated":true}]}}