{"id":160350,"date":"2020-02-03T18:10:13","date_gmt":"2020-02-03T22:10:13","guid":{"rendered":"https:\/\/elluchador.info\/web\/?p=160350"},"modified":"2020-02-03T17:16:01","modified_gmt":"2020-02-03T21:16:01","slug":"jovic-reconocio-que-no-esta-contento-con-su-temporada","status":"publish","type":"post","link":"https:\/\/elluchador.info\/?p=160350","title":{"rendered":"Jovic reconoci\u00f3 que no est\u00e1 contento con su temporada"},"content":{"rendered":"\n<p><strong>El delantero serbio Luka Jovic reconoci\u00f3 que no est\u00e1 contento con su temporada en el Real Madrid hasta este momento<\/strong>, ya que solo ha marcado un gol, y desvel\u00f3, en una entrevista en el programa Sport Afternoon de su pa\u00eds, que ve v\u00eddeos suyos de la pasada campa\u00f1a y que no entiende qu\u00e9 le ha ocurrido para bajar tanto su rendimiento.<\/p>\n\n\n\n<blockquote class=\"wp-block-quote is-layout-flow wp-block-quote-is-layout-flow\"><p>\u201cNo estoy contento con mi temporada, al menos hasta ahora, porque s\u00e9 que puedo mejorar. Todos sabemos que el Real Madrid es un gran club y que para los jugadores con experiencia es muy dif\u00edcil acostumbrarse, mucho m\u00e1s para un joven de 21 a\u00f1os por el que han pagado 60 millones. La presi\u00f3n es muy grande, lucho por ahora sin \u00e9xito. Pero espero que la situaci\u00f3n cambie\u201d, declar\u00f3.<\/p><\/blockquote>\n\n\n\n<p><strong>El delantero lleg\u00f3 el pasado verano al Real Madrid tras firmar una gran temporada en el Eintracht de Fr\u00e1ncfort, en la que marc\u00f3 27 goles<\/strong>&nbsp;y reparti\u00f3 7 asistencias, y record\u00f3 c\u00f3mo se produjo su fichaje por el club blanco.<\/p>\n\n\n\n<p>El serbio habl\u00f3 tambi\u00e9n de los cambios respecto a la rutina que llevaba en Alemania, y que le han beneficiado porque, asegur\u00f3, siempre ha tenido problemas para conciliar el sue\u00f1o: \u201cAqu\u00ed lo m\u00e1s importante es que para entrenar no hay que levantarse muy temprano, as\u00ed que eso me ayuda. Durante toda mi vida he tenido problemas para dormir, as\u00ed que esto me ayuda un poco\u201d.<\/p>\n\n\n\n<p>EFE\/Uni\u00f3n Radio<\/p>\n","protected":false},"excerpt":{"rendered":"<p>El delantero serbio Luka Jovic reconoci\u00f3 que no est\u00e1 contento con su temporada en el Real Madrid hasta este momento, ya que solo ha marcado un gol, y desvel\u00f3, en una entrevista en el programa Sport Afternoon de su pa\u00eds, que ve v\u00eddeos suyos de la pasada campa\u00f1a y que no entiende qu\u00e9 le ha [&hellip;]<\/p>\n","protected":false},"author":2,"featured_media":160351,"comment_status":"closed","ping_status":"closed","sticky":false,"template":"","format":"standard","meta":{"footnotes":""},"categories":[4],"tags":[],"class_list":{"0":"post-160350","1":"post","2":"type-post","3":"status-publish","4":"format-standard","5":"has-post-thumbnail","7":"category-deportes"},"_links":{"self":[{"href":"https:\/\/elluchador.info\/index.php?rest_route=\/wp\/v2\/posts\/160350","targetHints":{"allow":["GET"]}}],"collection":[{"href":"https:\/\/elluchador.info\/index.php?rest_route=\/wp\/v2\/posts"}],"about":[{"href":"https:\/\/elluchador.info\/index.php?rest_route=\/wp\/v2\/types\/post"}],"author":[{"embeddable":true,"href":"https:\/\/elluchador.info\/index.php?rest_route=\/wp\/v2\/users\/2"}],"replies":[{"embeddable":true,"href":"https:\/\/elluchador.info\/index.php?rest_route=%2Fwp%2Fv2%2Fcomments&post=160350"}],"version-history":[{"count":1,"href":"https:\/\/elluchador.info\/index.php?rest_route=\/wp\/v2\/posts\/160350\/revisions"}],"predecessor-version":[{"id":160352,"href":"https:\/\/elluchador.info\/index.php?rest_route=\/wp\/v2\/posts\/160350\/revisions\/160352"}],"wp:featuredmedia":[{"embeddable":true,"href":"https:\/\/elluchador.info\/index.php?rest_route=\/wp\/v2\/media\/160351"}],"wp:attachment":[{"href":"https:\/\/elluchador.info\/index.php?rest_route=%2Fwp%2Fv2%2Fmedia&parent=160350"}],"wp:term":[{"taxonomy":"category","embeddable":true,"href":"https:\/\/elluchador.info\/index.php?rest_route=%2Fwp%2Fv2%2Fcategories&post=160350"},{"taxonomy":"post_tag","embeddable":true,"href":"https:\/\/elluchador.info\/index.php?rest_route=%2Fwp%2Fv2%2Ftags&post=160350"}],"curies":[{"name":"wp","href":"https:\/\/api.w.org\/{rel}","templated":true}]}}