{"id":160360,"date":"2020-02-04T13:05:35","date_gmt":"2020-02-04T17:05:35","guid":{"rendered":"https:\/\/elluchador.info\/web\/?p=160360"},"modified":"2020-02-04T12:54:22","modified_gmt":"2020-02-04T16:54:22","slug":"jose-peseiro-nuevo-tecnico-de-la-vinotinto","status":"publish","type":"post","link":"https:\/\/elluchador.info\/?p=160360","title":{"rendered":"Jos\u00e9 Peseiro nuevo t\u00e9cnico de la Vinotinto"},"content":{"rendered":"\n<p> La Federaci\u00f3n Venezolana de F\u00fatbol (FVF), oficializ\u00f3 este martes la contrataci\u00f3n del t\u00e9cnico portug\u00e9s,\u00a0<strong>Jos\u00e9 Peseiro, como nuevo seleccionador nacional de la Vinotinto<\/strong>.<\/p>\n\n\n\n<p>Peseiro, dirigi\u00f3 el Sporting de Lisboa en los a\u00f1os\u00a0<strong>(2004-2006),<\/strong>\u00a0al Nacional de Madeira\u00a0<strong>(1999-2003)<\/strong>, al Braga\u00a0<strong>(2012-2013)<\/strong>. En el a\u00f1o (2009-2011) estuvo al mando de\u00a0 Arabia Saudita (2009-2011).<\/p>\n\n\n\n<figure class=\"wp-block-embed-twitter wp-block-embed is-type-rich is-provider-twitter\"><div class=\"wp-block-embed__wrapper\">\n<blockquote class=\"twitter-tweet\" data-width=\"550\" data-dnt=\"true\"><p lang=\"es\" dir=\"ltr\">Laureano Gonz\u00e1lez, presidente de FVF, oficializa hoy, martes 04 de febrero de 2020, la contrataci\u00f3n del DT portugu\u00e9s JOS\u00c9 PESEIRO, como nuevo Seleccionador Nacional de la VINOTINTO&#8230; M\u00e1s detalles en breve <a href=\"https:\/\/t.co\/x6RNHp1bwP\">pic.twitter.com\/x6RNHp1bwP<\/a><\/p>&mdash; FVF (@FVF_Oficial) <a href=\"https:\/\/twitter.com\/FVF_Oficial\/status\/1224703129972891648?ref_src=twsrc%5Etfw\">February 4, 2020<\/a><\/blockquote><script async src=\"https:\/\/platform.twitter.com\/widgets.js\" charset=\"utf-8\"><\/script>\n<\/div><\/figure>\n\n\n\n<p>Asimismo,\u00a0 fue asistente t\u00e9cnico del Real Madrid cuando su compatriota Carlos Queiroz era el entrenador del equipo blanco, entre 2003 y 2004.\u00a0<\/p>\n\n\n\n<p>Uni\u00f3n Radio <ins><br> <\/ins><\/p>\n\n\n\n<p> <\/p>\n","protected":false},"excerpt":{"rendered":"<p>La Federaci\u00f3n Venezolana de F\u00fatbol (FVF), oficializ\u00f3 este martes la contrataci\u00f3n del t\u00e9cnico portug\u00e9s,\u00a0Jos\u00e9 Peseiro, como nuevo seleccionador nacional de la Vinotinto. Peseiro, dirigi\u00f3 el Sporting de Lisboa en los a\u00f1os\u00a0(2004-2006),\u00a0al Nacional de Madeira\u00a0(1999-2003), al Braga\u00a0(2012-2013). En el a\u00f1o (2009-2011) estuvo al mando de\u00a0 Arabia Saudita (2009-2011). Asimismo,\u00a0 fue asistente t\u00e9cnico del Real Madrid cuando [&hellip;]<\/p>\n","protected":false},"author":2,"featured_media":160361,"comment_status":"closed","ping_status":"closed","sticky":false,"template":"","format":"standard","meta":{"footnotes":""},"categories":[4,5],"tags":[],"class_list":{"0":"post-160360","1":"post","2":"type-post","3":"status-publish","4":"format-standard","5":"has-post-thumbnail","7":"category-deportes","8":"category-destacado"},"_links":{"self":[{"href":"https:\/\/elluchador.info\/index.php?rest_route=\/wp\/v2\/posts\/160360","targetHints":{"allow":["GET"]}}],"collection":[{"href":"https:\/\/elluchador.info\/index.php?rest_route=\/wp\/v2\/posts"}],"about":[{"href":"https:\/\/elluchador.info\/index.php?rest_route=\/wp\/v2\/types\/post"}],"author":[{"embeddable":true,"href":"https:\/\/elluchador.info\/index.php?rest_route=\/wp\/v2\/users\/2"}],"replies":[{"embeddable":true,"href":"https:\/\/elluchador.info\/index.php?rest_route=%2Fwp%2Fv2%2Fcomments&post=160360"}],"version-history":[{"count":1,"href":"https:\/\/elluchador.info\/index.php?rest_route=\/wp\/v2\/posts\/160360\/revisions"}],"predecessor-version":[{"id":160362,"href":"https:\/\/elluchador.info\/index.php?rest_route=\/wp\/v2\/posts\/160360\/revisions\/160362"}],"wp:featuredmedia":[{"embeddable":true,"href":"https:\/\/elluchador.info\/index.php?rest_route=\/wp\/v2\/media\/160361"}],"wp:attachment":[{"href":"https:\/\/elluchador.info\/index.php?rest_route=%2Fwp%2Fv2%2Fmedia&parent=160360"}],"wp:term":[{"taxonomy":"category","embeddable":true,"href":"https:\/\/elluchador.info\/index.php?rest_route=%2Fwp%2Fv2%2Fcategories&post=160360"},{"taxonomy":"post_tag","embeddable":true,"href":"https:\/\/elluchador.info\/index.php?rest_route=%2Fwp%2Fv2%2Ftags&post=160360"}],"curies":[{"name":"wp","href":"https:\/\/api.w.org\/{rel}","templated":true}]}}