{"id":160391,"date":"2020-02-04T14:56:35","date_gmt":"2020-02-04T18:56:35","guid":{"rendered":"https:\/\/elluchador.info\/web\/?p=160391"},"modified":"2020-02-04T13:58:57","modified_gmt":"2020-02-04T17:58:57","slug":"crean-comision-especial-para-sacar-a-la-an-del-desacato","status":"publish","type":"post","link":"https:\/\/elluchador.info\/?p=160391","title":{"rendered":"Crean comisi\u00f3n especial para sacar a la AN del desacato"},"content":{"rendered":"\n<p>El diputado a la Asamblea Nacional (AN),&nbsp;<strong>Luis Parra<\/strong>, inform\u00f3 que se cre\u00f3 una comisi\u00f3n especial que estar\u00e1 encargada de llevar a cabo las diligencias necesarias para sacar al Parlamento del desacato.<\/p>\n\n\n\n<p><strong>La comisi\u00f3n esta conformada por los parlamentarios Jos\u00e9 Antonio Espa\u00f1a, Luis Laura, Maria Ler\u00edn, Carlos Prosperi y Stalin Gonz\u00e1lez .<\/strong><\/p>\n\n\n\n<p>Asever\u00f3 que de manera inmediata se comenzar\u00e1 a trabajar en todos los esquemas que permitan una resoluci\u00f3n a la sentencia del Tribunal Supremo de Justicia.<\/p>\n\n\n\n<p>Respecto a la notificaci\u00f3n que recibi\u00f3 la delegaci\u00f3n de la CIDH de no poder abordar el avi\u00f3n desde Panam\u00e1 con destino a Caracas, enfatiz\u00f3 que el Parlamento buscar\u00e1 despolarizar el pa\u00eds y reivindicar los derechos de los ciudadanos.<\/p>\n\n\n\n<blockquote class=\"wp-block-quote is-layout-flow wp-block-quote-is-layout-flow\"><p><strong>\u00ab<em>Todos los sectores del pa\u00eds tenemos que jugar al entendimiento, encuentro y sensatez, en una democracia plena todos tenemos derechos de opinar\u00bb,&nbsp;<\/em><\/strong><em>dijo.<\/em><\/p><\/blockquote>\n\n\n\n<p>Coment\u00f3 que para este jueves 05 de febrero se convoc\u00f3 a una sesi\u00f3n especial en el Hemiciclo del Palacio Federal Legislativo.<\/p>\n\n\n\n<p>\n\nUni\u00f3n Radio\n\n<\/p>\n","protected":false},"excerpt":{"rendered":"<p>El diputado a la Asamblea Nacional (AN),&nbsp;Luis Parra, inform\u00f3 que se cre\u00f3 una comisi\u00f3n especial que estar\u00e1 encargada de llevar a cabo las diligencias necesarias para sacar al Parlamento del desacato. La comisi\u00f3n esta conformada por los parlamentarios Jos\u00e9 Antonio Espa\u00f1a, Luis Laura, Maria Ler\u00edn, Carlos Prosperi y Stalin Gonz\u00e1lez . Asever\u00f3 que de manera [&hellip;]<\/p>\n","protected":false},"author":2,"featured_media":160392,"comment_status":"closed","ping_status":"closed","sticky":false,"template":"","format":"standard","meta":{"footnotes":""},"categories":[9],"tags":[],"class_list":{"0":"post-160391","1":"post","2":"type-post","3":"status-publish","4":"format-standard","5":"has-post-thumbnail","7":"category-nacionales"},"_links":{"self":[{"href":"https:\/\/elluchador.info\/index.php?rest_route=\/wp\/v2\/posts\/160391","targetHints":{"allow":["GET"]}}],"collection":[{"href":"https:\/\/elluchador.info\/index.php?rest_route=\/wp\/v2\/posts"}],"about":[{"href":"https:\/\/elluchador.info\/index.php?rest_route=\/wp\/v2\/types\/post"}],"author":[{"embeddable":true,"href":"https:\/\/elluchador.info\/index.php?rest_route=\/wp\/v2\/users\/2"}],"replies":[{"embeddable":true,"href":"https:\/\/elluchador.info\/index.php?rest_route=%2Fwp%2Fv2%2Fcomments&post=160391"}],"version-history":[{"count":1,"href":"https:\/\/elluchador.info\/index.php?rest_route=\/wp\/v2\/posts\/160391\/revisions"}],"predecessor-version":[{"id":160393,"href":"https:\/\/elluchador.info\/index.php?rest_route=\/wp\/v2\/posts\/160391\/revisions\/160393"}],"wp:featuredmedia":[{"embeddable":true,"href":"https:\/\/elluchador.info\/index.php?rest_route=\/wp\/v2\/media\/160392"}],"wp:attachment":[{"href":"https:\/\/elluchador.info\/index.php?rest_route=%2Fwp%2Fv2%2Fmedia&parent=160391"}],"wp:term":[{"taxonomy":"category","embeddable":true,"href":"https:\/\/elluchador.info\/index.php?rest_route=%2Fwp%2Fv2%2Fcategories&post=160391"},{"taxonomy":"post_tag","embeddable":true,"href":"https:\/\/elluchador.info\/index.php?rest_route=%2Fwp%2Fv2%2Ftags&post=160391"}],"curies":[{"name":"wp","href":"https:\/\/api.w.org\/{rel}","templated":true}]}}