{"id":160451,"date":"2020-02-05T10:20:35","date_gmt":"2020-02-05T14:20:35","guid":{"rendered":"https:\/\/elluchador.info\/web\/?p=160451"},"modified":"2020-02-05T10:10:38","modified_gmt":"2020-02-05T14:10:38","slug":"borrell-viajara-por-primera-vez-a-eeuu-como-jefe-de-la-union-europea","status":"publish","type":"post","link":"https:\/\/elluchador.info\/?p=160451","title":{"rendered":"Borrell viajar\u00e1 por primera vez a EEUU como jefe de la Uni\u00f3n Europea"},"content":{"rendered":"\n<p>El alto representante de la Uni\u00f3n Europea (UE) para Asuntos Exteriores,<strong> Josep Borrell,<\/strong>\n viajar\u00e1 a Estados Unidos por primera vez desde que se convirti\u00f3 en jefe\n de la diplomacia comunitaria los pr\u00f3ximos jueves y viernes, inform\u00f3 \neste mi\u00e9rcoles la Comisi\u00f3n Europea (CE).<\/p>\n\n\n\n<blockquote class=\"wp-block-quote is-layout-flow wp-block-quote-is-layout-flow\"><p>Borrell, que ocupa ese cargo desde el 1 de diciembre, se reunir\u00e1 en Washington con el secretario de Estado estadounidense, Mike Pompeo, y con la presidenta de la C\u00e1mara de Representantes, Nancy Pelosi.<\/p><\/blockquote>\n\n\n\n<p>El pol\u00edtico espa\u00f1ol tambi\u00e9n se entrevistar\u00e1 con el asesor de \nseguridad nacional del presidente Donald Trump, Robert O\u2019Brien, y con el\n asesor y yerno del mandatario estadounidense, Jared Kushner.<\/p>\n\n\n\n<p>Seg\u00fan indic\u00f3 Bruselas en un comunicado, esos encuentros \u00abproporcionar\u00e1n una oportunidad para avanzar en el di\u00e1logo sobre pol\u00edtica exterior\u00bb  entre la UE y Estados Unidos y \u00abdeber\u00edan centrarse de manera espec\u00edfica  en modos en los que hacer valer las relaciones transatl\u00e1nticas\u00bb.<\/p>\n\n\n\n<p>De acuerdo con el Ejecutivo comunitario, en las reuniones Borrell abordar\u00e1 cuestiones actuales de pol\u00edtica exterior y buscar\u00e1 \u00absoluciones conjuntas basadas en un compromiso con el multilateralismo y el orden internacional basado en normas\u00ab.<\/p>\n\n\n\n<p>Desde la llegada de Donald Trump a la Casa Blanca, las relaciones \nentre Bruselas y Washington se han enfriado por las pol\u00edticas \nproteccionistas y unilaterales del mandatario.<ins><\/ins><\/p>\n\n\n\n<p>La salida de Estados Unidos del acuerdo nuclear iran\u00ed o la aplicaci\u00f3n  de aranceles a productos comunitarios, en particular, han da\u00f1ado los  v\u00ednculos entre la primera potencia mundial y los Veintisiete. <\/p>\n\n\n\n<p><strong>unionradio.net <\/strong><\/p>\n","protected":false},"excerpt":{"rendered":"<p>El alto representante de la Uni\u00f3n Europea (UE) para Asuntos Exteriores, Josep Borrell, viajar\u00e1 a Estados Unidos por primera vez desde que se convirti\u00f3 en jefe de la diplomacia comunitaria los pr\u00f3ximos jueves y viernes, inform\u00f3 este mi\u00e9rcoles la Comisi\u00f3n Europea (CE). Borrell, que ocupa ese cargo desde el 1 de diciembre, se reunir\u00e1 en [&hellip;]<\/p>\n","protected":false},"author":2,"featured_media":160452,"comment_status":"closed","ping_status":"closed","sticky":false,"template":"","format":"standard","meta":{"footnotes":""},"categories":[5,8],"tags":[],"class_list":{"0":"post-160451","1":"post","2":"type-post","3":"status-publish","4":"format-standard","5":"has-post-thumbnail","7":"category-destacado","8":"category-internacionales"},"_links":{"self":[{"href":"https:\/\/elluchador.info\/index.php?rest_route=\/wp\/v2\/posts\/160451","targetHints":{"allow":["GET"]}}],"collection":[{"href":"https:\/\/elluchador.info\/index.php?rest_route=\/wp\/v2\/posts"}],"about":[{"href":"https:\/\/elluchador.info\/index.php?rest_route=\/wp\/v2\/types\/post"}],"author":[{"embeddable":true,"href":"https:\/\/elluchador.info\/index.php?rest_route=\/wp\/v2\/users\/2"}],"replies":[{"embeddable":true,"href":"https:\/\/elluchador.info\/index.php?rest_route=%2Fwp%2Fv2%2Fcomments&post=160451"}],"version-history":[{"count":1,"href":"https:\/\/elluchador.info\/index.php?rest_route=\/wp\/v2\/posts\/160451\/revisions"}],"predecessor-version":[{"id":160453,"href":"https:\/\/elluchador.info\/index.php?rest_route=\/wp\/v2\/posts\/160451\/revisions\/160453"}],"wp:featuredmedia":[{"embeddable":true,"href":"https:\/\/elluchador.info\/index.php?rest_route=\/wp\/v2\/media\/160452"}],"wp:attachment":[{"href":"https:\/\/elluchador.info\/index.php?rest_route=%2Fwp%2Fv2%2Fmedia&parent=160451"}],"wp:term":[{"taxonomy":"category","embeddable":true,"href":"https:\/\/elluchador.info\/index.php?rest_route=%2Fwp%2Fv2%2Fcategories&post=160451"},{"taxonomy":"post_tag","embeddable":true,"href":"https:\/\/elluchador.info\/index.php?rest_route=%2Fwp%2Fv2%2Ftags&post=160451"}],"curies":[{"name":"wp","href":"https:\/\/api.w.org\/{rel}","templated":true}]}}