{"id":160488,"date":"2020-02-05T13:45:07","date_gmt":"2020-02-05T17:45:07","guid":{"rendered":"https:\/\/elluchador.info\/web\/?p=160488"},"modified":"2020-02-05T13:35:11","modified_gmt":"2020-02-05T17:35:11","slug":"diego-costa-vuelve-a-entrenar-con-el-atletico-de-madrid","status":"publish","type":"post","link":"https:\/\/elluchador.info\/?p=160488","title":{"rendered":"Diego Costa vuelve a entrenar con el Atl\u00e9tico de Madrid"},"content":{"rendered":"\n<p>El delantero hispanobrasie\u00f1o del Atl\u00e9tico de Madrid Diego Costa volvi\u00f3 a entrenarse con el resto de sus compa\u00f1eros este mi\u00e9rcoles, 76 d\u00edas despu\u00e9s de operarse de una hernia discal cervical.<\/p>\n\n\n\n<figure class=\"wp-block-embed-twitter wp-block-embed is-type-rich is-provider-twitter\"><div class=\"wp-block-embed__wrapper\">\n<blockquote class=\"twitter-tweet\" data-width=\"550\" data-dnt=\"true\"><p lang=\"es\" dir=\"ltr\">\u00a1De vuelta al grupo! \ud83d\ude03<a href=\"https:\/\/twitter.com\/diegocosta?ref_src=twsrc%5Etfw\">@diegocosta<\/a> se entren\u00f3 en la sesi\u00f3n de este mi\u00e9rcoles con el resto de sus compa\u00f1eros \ud83d\udcaa<br>\ud83d\udd34\u26aa <a href=\"https:\/\/twitter.com\/hashtag\/A%C3%BApaAtleti?src=hash&amp;ref_src=twsrc%5Etfw\">#A\u00fapaAtleti<\/a> <a href=\"https:\/\/t.co\/KwFj3f4F8X\">pic.twitter.com\/KwFj3f4F8X<\/a><\/p>&mdash; Atl\u00e9tico de Madrid (@Atleti) <a href=\"https:\/\/twitter.com\/Atleti\/status\/1225008163327479809?ref_src=twsrc%5Etfw\">February 5, 2020<\/a><\/blockquote><script async src=\"https:\/\/platform.twitter.com\/widgets.js\" charset=\"utf-8\"><\/script>\n<\/div><\/figure>\n\n\n\n<p>El delantero internacional espa\u00f1ol trabaj\u00f3 por primera vez con el grupo desde que el 21 de noviembre fue operado de esta dolencia, y desde entonces se ha perdido 14 encuentros oficiales entre LaLiga Santander (9), la Liga de Campeones (2), la Supercopa de Espa\u00f1a (2) y la Copa del Rey (1).<\/p>\n\n\n\n<p>El delantero de Lagarto (Brasil) aspira a estar listo para alguno de los dos partidos de octavos de final de la Liga de Campeones contra el Liverpool, en el que la ida se disputar\u00e1 el 18 de febrero en el Wanda Metropolitano y la vuelta ser\u00e1 el 11 de marzo en Anfield Road, por lo que no es probable que est\u00e9 en el pr\u00f3ximo duelo liguero, contra el Granada el s\u00e1bado a las 21:00 horas en el Metropolitano.<\/p>\n\n\n\n<p>EFE\/Uni\u00f3n Radio<\/p>\n","protected":false},"excerpt":{"rendered":"<p>El delantero hispanobrasie\u00f1o del Atl\u00e9tico de Madrid Diego Costa volvi\u00f3 a entrenarse con el resto de sus compa\u00f1eros este mi\u00e9rcoles, 76 d\u00edas despu\u00e9s de operarse de una hernia discal cervical. El delantero internacional espa\u00f1ol trabaj\u00f3 por primera vez con el grupo desde que el 21 de noviembre fue operado de esta dolencia, y desde entonces [&hellip;]<\/p>\n","protected":false},"author":2,"featured_media":160489,"comment_status":"closed","ping_status":"closed","sticky":false,"template":"","format":"standard","meta":{"footnotes":""},"categories":[4],"tags":[],"class_list":{"0":"post-160488","1":"post","2":"type-post","3":"status-publish","4":"format-standard","5":"has-post-thumbnail","7":"category-deportes"},"_links":{"self":[{"href":"https:\/\/elluchador.info\/index.php?rest_route=\/wp\/v2\/posts\/160488","targetHints":{"allow":["GET"]}}],"collection":[{"href":"https:\/\/elluchador.info\/index.php?rest_route=\/wp\/v2\/posts"}],"about":[{"href":"https:\/\/elluchador.info\/index.php?rest_route=\/wp\/v2\/types\/post"}],"author":[{"embeddable":true,"href":"https:\/\/elluchador.info\/index.php?rest_route=\/wp\/v2\/users\/2"}],"replies":[{"embeddable":true,"href":"https:\/\/elluchador.info\/index.php?rest_route=%2Fwp%2Fv2%2Fcomments&post=160488"}],"version-history":[{"count":1,"href":"https:\/\/elluchador.info\/index.php?rest_route=\/wp\/v2\/posts\/160488\/revisions"}],"predecessor-version":[{"id":160490,"href":"https:\/\/elluchador.info\/index.php?rest_route=\/wp\/v2\/posts\/160488\/revisions\/160490"}],"wp:featuredmedia":[{"embeddable":true,"href":"https:\/\/elluchador.info\/index.php?rest_route=\/wp\/v2\/media\/160489"}],"wp:attachment":[{"href":"https:\/\/elluchador.info\/index.php?rest_route=%2Fwp%2Fv2%2Fmedia&parent=160488"}],"wp:term":[{"taxonomy":"category","embeddable":true,"href":"https:\/\/elluchador.info\/index.php?rest_route=%2Fwp%2Fv2%2Fcategories&post=160488"},{"taxonomy":"post_tag","embeddable":true,"href":"https:\/\/elluchador.info\/index.php?rest_route=%2Fwp%2Fv2%2Ftags&post=160488"}],"curies":[{"name":"wp","href":"https:\/\/api.w.org\/{rel}","templated":true}]}}