{"id":160641,"date":"2020-02-07T13:11:58","date_gmt":"2020-02-07T17:11:58","guid":{"rendered":"https:\/\/elluchador.info\/web\/?p=160641"},"modified":"2020-02-07T13:01:37","modified_gmt":"2020-02-07T17:01:37","slug":"detenido-por-violar-durante-dos-anos-a-una-jovencita","status":"publish","type":"post","link":"https:\/\/elluchador.info\/?p=160641","title":{"rendered":"Detenido por violar durante dos a\u00f1os a una jovencita"},"content":{"rendered":"\n<p>La v\u00edctima tiene 14 a\u00f1os y durante los dos \u00faltimos a\u00f1os ha sido abusada  por Felipe Antonio Contreras Negrette, como fue identificado el  denunciado por el Cicpc.<\/p>\n\n\n\n<p>El director del cuerpo detectivesco, \ncomisario Douglas Rico, inform\u00f3 el jueves 6 de febrero que mediante \ndenuncia y ex\u00e1menes forenses realizados a la v\u00edctima se conoci\u00f3 \u00abque el \nhombre abusaba sexualmente de una menor de 14 a\u00f1os, desde hace \naproximadamente dos a\u00f1os, manteni\u00e9ndola amenazada de muerte si dec\u00eda \nalgo\u00bb.<\/p>\n\n\n\n<p>Contreras fue arrestado por pesquisas de la Delegaci\u00f3n  Municipal San Francisco y puesto a la orden de la Fiscal\u00eda Superior del  estado Zulia.\u00a0<\/p>\n\n\n\n<p>El pasado 4 de este mes, la Fiscal\u00eda inform\u00f3 que en Yaracuy fue \ncondenado a 11 a\u00f1os de prisi\u00f3n Ra\u00fal Jos\u00e9 P\u00e9rez Baz\u00e1n (43) por abusar \nsexualmente de su sobrina de 16 a\u00f1os.<br> El hecho ocurri\u00f3 el 27 de diciembre de 2015 en un sector del municipio Independencia del estado Yaracuy.<\/p>\n\n\n\n<p>El\n citado d\u00eda, mientras la adolescente se encontraba dentro de su \nresidencia, el hombre ingres\u00f3 al inmueble en estado de ebriedad y por \nmedio de fuerza f\u00edsica abus\u00f3 sexualmente de ella.<\/p>\n\n\n\n<p>Poco despu\u00e9s de \nlo ocurrido, la v\u00edctima cont\u00f3 a su madre lo ocurrido y ambas acudieron \nante el Cuerpo de Investigaciones Cient\u00edficas, Penales y Criminal\u00edsticas\n (Cicpc) para realizar la denuncia correspondiente.<\/p>\n","protected":false},"excerpt":{"rendered":"<p>La v\u00edctima tiene 14 a\u00f1os y durante los dos \u00faltimos a\u00f1os ha sido abusada por Felipe Antonio Contreras Negrette, como fue identificado el denunciado por el Cicpc. El director del cuerpo detectivesco, comisario Douglas Rico, inform\u00f3 el jueves 6 de febrero que mediante denuncia y ex\u00e1menes forenses realizados a la v\u00edctima se conoci\u00f3 \u00abque el [&hellip;]<\/p>\n","protected":false},"author":2,"featured_media":160642,"comment_status":"closed","ping_status":"closed","sticky":false,"template":"","format":"standard","meta":{"footnotes":""},"categories":[5,13],"tags":[],"class_list":{"0":"post-160641","1":"post","2":"type-post","3":"status-publish","4":"format-standard","5":"has-post-thumbnail","7":"category-destacado","8":"category-sucesos"},"_links":{"self":[{"href":"https:\/\/elluchador.info\/index.php?rest_route=\/wp\/v2\/posts\/160641","targetHints":{"allow":["GET"]}}],"collection":[{"href":"https:\/\/elluchador.info\/index.php?rest_route=\/wp\/v2\/posts"}],"about":[{"href":"https:\/\/elluchador.info\/index.php?rest_route=\/wp\/v2\/types\/post"}],"author":[{"embeddable":true,"href":"https:\/\/elluchador.info\/index.php?rest_route=\/wp\/v2\/users\/2"}],"replies":[{"embeddable":true,"href":"https:\/\/elluchador.info\/index.php?rest_route=%2Fwp%2Fv2%2Fcomments&post=160641"}],"version-history":[{"count":1,"href":"https:\/\/elluchador.info\/index.php?rest_route=\/wp\/v2\/posts\/160641\/revisions"}],"predecessor-version":[{"id":160643,"href":"https:\/\/elluchador.info\/index.php?rest_route=\/wp\/v2\/posts\/160641\/revisions\/160643"}],"wp:featuredmedia":[{"embeddable":true,"href":"https:\/\/elluchador.info\/index.php?rest_route=\/wp\/v2\/media\/160642"}],"wp:attachment":[{"href":"https:\/\/elluchador.info\/index.php?rest_route=%2Fwp%2Fv2%2Fmedia&parent=160641"}],"wp:term":[{"taxonomy":"category","embeddable":true,"href":"https:\/\/elluchador.info\/index.php?rest_route=%2Fwp%2Fv2%2Fcategories&post=160641"},{"taxonomy":"post_tag","embeddable":true,"href":"https:\/\/elluchador.info\/index.php?rest_route=%2Fwp%2Fv2%2Ftags&post=160641"}],"curies":[{"name":"wp","href":"https:\/\/api.w.org\/{rel}","templated":true}]}}