{"id":161026,"date":"2020-02-14T14:32:45","date_gmt":"2020-02-14T18:32:45","guid":{"rendered":"https:\/\/elluchador.info\/web\/?p=161026"},"modified":"2020-02-14T13:35:11","modified_gmt":"2020-02-14T17:35:11","slug":"pele-dice-que-esta-bien-tras-afirmaciones-de-su-hijo-sobre-depresion","status":"publish","type":"post","link":"https:\/\/elluchador.info\/?p=161026","title":{"rendered":"Pel\u00e9 dice que est\u00e1 \u00abbien\u00bb tras afirmaciones de su hijo sobre depresi\u00f3n"},"content":{"rendered":"\n<p>La leyenda del f\u00fatbol Pel\u00e9 afirm\u00f3 este jueves que est\u00e1 \u00abbien\u00bb y que mantiene una agenda \u00abatareada\u00bb, en respuesta a las declaraciones de su hijo Edinho de que el astro sufr\u00eda de una \u00abcierta depresi\u00f3n\u00bb y no quer\u00eda \u00absalir de casa\u00bb.&nbsp;<\/p>\n\n\n\n<p>\u00abGracias por sus oraciones y su preocupaci\u00f3n. Estoy bien. Cumplir\u00e9 80 a\u00f1os este a\u00f1o. Tengo d\u00edas buenos y otros malos, eso es normal para una persona de mi edad\u00bb, afirm\u00f3 el &#8216;rey&#8217; del f\u00fatbol en un comunicado.&nbsp;<\/p>\n\n\n\n<p>\u00abNo evito cumplir compromisos de mi agenda, siempre atareada. Sigo aceptando mis limitaciones f\u00edsicas de la mejor forma posible, pero pretendo mantener la pelota girando\u00bb, a\u00f1adi\u00f3 Pel\u00e9 en el mensaje, en el que detalla sesiones de fotos, encuentros y otras actividades que tiene previstas, como prueba de que se mantiene activo.&nbsp;<\/p>\n\n\n\n<p>En una entrevista con el sitio GloboEsporte, su hijo Edson &#8216;Edinho&#8217; Cholbi do Nascimento hab\u00eda afirmado el lunes que el \u00e1nimo de su padre estaba muy afectado debido a los problemas de cadera que le impiden caminar normalmente.&nbsp;<\/p>\n\n\n\n<p>\u00abEst\u00e1 bastante fr\u00e1gil en relaci\u00f3n a su movilidad. Se hizo un trasplante de cadera y no hizo una rehabilitaci\u00f3n adecuada, ideal. Entonces, est\u00e1 con ese problema de movilidad, que termina acarreando una cierta depresi\u00f3n\u00bb, dijo Edinho. &nbsp;<\/p>\n\n\n\n<p>El triple campe\u00f3n del mundo (1958, 1962, 1970) utiliza un andador para desplazarse y por eso \u00absiente verg\u00fcenza, no quiere salir, exponerse, estar en la calle, no quiere hacer pr\u00e1cticamente nada que implique salir de casa. Est\u00e1 muy retra\u00eddo, recluido\u00bb, a\u00f1adi\u00f3 su hijo. &nbsp;<\/p>\n\n\n\n<p>En 2012, Pel\u00e9 se coloc\u00f3 una pr\u00f3tesis de cadera y desde entonces se desplaza con cierta dificultad, llegando incluso a mostrarse en p\u00fablico en silla de ruedas en algunas ocasiones.<\/p>\n\n\n\n<p>Sus problemas de salud lo han llevado al hospital varias veces en los \u00faltimos a\u00f1os.&nbsp;<\/p>\n\n\n\n<p>La \u00faltima fue en 2019, cuando fue internado en Par\u00eds y trasladado a Sao Paulo para retirarle un c\u00e1lculo renal.&nbsp;<\/p>\n\n\n\n<p>En 2014 &#8216;O Rei&#8217; estuvo internado en cuidados intensivos tras otra infecci\u00f3n urinaria que le oblig\u00f3 a someterse a di\u00e1lisis en su ri\u00f1\u00f3n izquierdo, el \u00fanico que le queda desde que en los a\u00f1os 70 le fue extirpado el derecho, debido a una lesi\u00f3n cuando a\u00fan era jugador.<\/p>\n\n\n\n<p>Edinho, de 49 a\u00f1os, fue arquero del Santos -equipo en el que brill\u00f3 su padre- y estuvo preso tras ser condenado por tr\u00e1fico de drogas y lavado de dinero.\u00a0<\/p>\n\n\n\n<p>Panorama <\/p>\n","protected":false},"excerpt":{"rendered":"<p>La leyenda del f\u00fatbol Pel\u00e9 afirm\u00f3 este jueves que est\u00e1 \u00abbien\u00bb y que mantiene una agenda \u00abatareada\u00bb, en respuesta a las declaraciones de su hijo Edinho de que el astro sufr\u00eda de una \u00abcierta depresi\u00f3n\u00bb y no quer\u00eda \u00absalir de casa\u00bb.&nbsp; \u00abGracias por sus oraciones y su preocupaci\u00f3n. Estoy bien. Cumplir\u00e9 80 a\u00f1os este a\u00f1o. [&hellip;]<\/p>\n","protected":false},"author":2,"featured_media":152071,"comment_status":"closed","ping_status":"closed","sticky":false,"template":"","format":"standard","meta":{"footnotes":""},"categories":[4],"tags":[],"class_list":{"0":"post-161026","1":"post","2":"type-post","3":"status-publish","4":"format-standard","5":"has-post-thumbnail","7":"category-deportes"},"_links":{"self":[{"href":"https:\/\/elluchador.info\/index.php?rest_route=\/wp\/v2\/posts\/161026","targetHints":{"allow":["GET"]}}],"collection":[{"href":"https:\/\/elluchador.info\/index.php?rest_route=\/wp\/v2\/posts"}],"about":[{"href":"https:\/\/elluchador.info\/index.php?rest_route=\/wp\/v2\/types\/post"}],"author":[{"embeddable":true,"href":"https:\/\/elluchador.info\/index.php?rest_route=\/wp\/v2\/users\/2"}],"replies":[{"embeddable":true,"href":"https:\/\/elluchador.info\/index.php?rest_route=%2Fwp%2Fv2%2Fcomments&post=161026"}],"version-history":[{"count":1,"href":"https:\/\/elluchador.info\/index.php?rest_route=\/wp\/v2\/posts\/161026\/revisions"}],"predecessor-version":[{"id":161031,"href":"https:\/\/elluchador.info\/index.php?rest_route=\/wp\/v2\/posts\/161026\/revisions\/161031"}],"wp:featuredmedia":[{"embeddable":true,"href":"https:\/\/elluchador.info\/index.php?rest_route=\/wp\/v2\/media\/152071"}],"wp:attachment":[{"href":"https:\/\/elluchador.info\/index.php?rest_route=%2Fwp%2Fv2%2Fmedia&parent=161026"}],"wp:term":[{"taxonomy":"category","embeddable":true,"href":"https:\/\/elluchador.info\/index.php?rest_route=%2Fwp%2Fv2%2Fcategories&post=161026"},{"taxonomy":"post_tag","embeddable":true,"href":"https:\/\/elluchador.info\/index.php?rest_route=%2Fwp%2Fv2%2Ftags&post=161026"}],"curies":[{"name":"wp","href":"https:\/\/api.w.org\/{rel}","templated":true}]}}