{"id":161047,"date":"2020-02-14T15:30:20","date_gmt":"2020-02-14T19:30:20","guid":{"rendered":"https:\/\/elluchador.info\/web\/?p=161047"},"modified":"2020-02-14T15:13:22","modified_gmt":"2020-02-14T19:13:22","slug":"indigenas-de-bolivar-y-legisladores-constituyentes-trabajan-en-el-nuevo-texto-constitucional","status":"publish","type":"post","link":"https:\/\/elluchador.info\/?p=161047","title":{"rendered":"Ind\u00edgenas de Bol\u00edvar y Legisladores Constituyentes trabajan en el nuevo texto constitucional"},"content":{"rendered":"\n<p>En virtud de proteger los derechos y beneficio sociales de todos los ind\u00edgenas del estado Bol\u00edvar, representantes de Instituto Aut\u00f3nomo Ind\u00edgena del estado Bol\u00edvar (IAIEB) y diputados de la Asamblea Nacional Constituyente (ANC), sostuvieron mesas de trabajo para estrechar y fortalecer lazos en materia constitucional en aras de dar proyecci\u00f3n y avanzar en la construcci\u00f3n del nuevo texto constitucional que adelanta el Poder Plenipotenciario. <\/p>\n\n\n\n<p>Esta semana el director\nejecutivo del Instituto Aut\u00f3nomo Ind\u00edgena del estado Bol\u00edvar, Pedro Requena y\nClara Vidal, presidenta de la Comisi\u00f3n de los Pueblos y Comunidades Ind\u00edgenas\nde la Asamblea Nacional Constituyente, sostuvieron una reuni\u00f3n con el objetivo\nde estrechar lazos para iniciar los planes de acci\u00f3n, con la firme intenci\u00f3n de\nelevar a la Asamblea Nacional Constituyente &nbsp;la voz del pueblo ind\u00edgena y as\u00ed tengan\npresencia en la construcci\u00f3n del nuevo texto constitucional, el cual se\nencuentra en plena elaboraci\u00f3n.<\/p>\n\n\n\n<p>\u201cEstamos trabajando en\nel fortalecimiento de lazos de manera que podamos llevar nuestras propuestas en\ndiferentes materia y as\u00ed proteger y garantizar en el nuevo texto constitucional\nel bienestar social de nuestros pueblos y comunidades ind\u00edgenas\u201d, indic\u00f3 Pedro\nRequena, representante de los pueblos ind\u00edgenas para el estado Bol\u00edvar.<\/p>\n\n\n\n<p>El tambi\u00e9n l\u00edder de la\njuventud ind\u00edgena del estado Bol\u00edvar, asegur\u00f3 que dando cumplimiento a esa\npremisa con el total apoyo del gobernador Justo Noguera Pietri, estar\u00e1n\nrealizando una mega asamblea de educadores ind\u00edgenas, autoridades leg\u00edtimas y\nl\u00edderes originarios en Maripa, municipio Sucre.<\/p>\n\n\n\n<p>\u201cEn este encuentro\nestaremos discutiendo temas importantes en materia de educaci\u00f3n propia,\ncultura, deporte e idioma en aras de presentar a la Comisi\u00f3n Constituyente que\nnos estar\u00e1 acompa\u00f1ando para ser part\u00edcipe de este momento hist\u00f3rico para los\npueblos ind\u00edgenas\u201d.&nbsp; <\/p>\n\n\n\n<p>Por su parte, la diputada\nconstituyente, Clara Vidal, indic\u00f3 que desde las comunidades ind\u00edgenas se viene\nplanteando la ampliaci\u00f3n de los derechos de los pueblos ind\u00edgenas, lo que se\nquiere afianzar con rango constitucional en este nuevo texto que esta por\nconstruirse.<\/p>\n\n\n\n<p>Resalt\u00f3 que \u201cen\nVenezuela se les da el poder a las comunidades ind\u00edgenas y la esencia es lo\ncolectivo como el socialismo planteado por el comandante Hugo Ch\u00e1vez es por\nello que estamos marcando presencia para elevar su voz\u201d.<\/p>\n\n\n\n<p>Finalmente ambas autoridades indicaron que adem\u00e1s del fortalecimiento de lazos, se busca la articulaci\u00f3n perfecta para trabajar en reforzar y traer nuevamente el modo de vida de los pueblos ind\u00edgenas mediante la educaci\u00f3n propia, la medicina ancestral, alimentaci\u00f3n, deporte, educaci\u00f3n intercultural y biling\u00fce, entre otros. <\/p>\n\n\n\n<p><strong>Prensa IAIEB<\/strong><\/p>\n","protected":false},"excerpt":{"rendered":"<p>En virtud de proteger los derechos y beneficio sociales de todos los ind\u00edgenas del estado Bol\u00edvar, representantes de Instituto Aut\u00f3nomo Ind\u00edgena del estado Bol\u00edvar (IAIEB) y diputados de la Asamblea Nacional Constituyente (ANC), sostuvieron mesas de trabajo para estrechar y fortalecer lazos en materia constitucional en aras de dar proyecci\u00f3n y avanzar en la construcci\u00f3n [&hellip;]<\/p>\n","protected":false},"author":2,"featured_media":161048,"comment_status":"closed","ping_status":"closed","sticky":false,"template":"","format":"standard","meta":{"footnotes":""},"categories":[12],"tags":[],"class_list":{"0":"post-161047","1":"post","2":"type-post","3":"status-publish","4":"format-standard","5":"has-post-thumbnail","7":"category-regionales"},"_links":{"self":[{"href":"https:\/\/elluchador.info\/index.php?rest_route=\/wp\/v2\/posts\/161047","targetHints":{"allow":["GET"]}}],"collection":[{"href":"https:\/\/elluchador.info\/index.php?rest_route=\/wp\/v2\/posts"}],"about":[{"href":"https:\/\/elluchador.info\/index.php?rest_route=\/wp\/v2\/types\/post"}],"author":[{"embeddable":true,"href":"https:\/\/elluchador.info\/index.php?rest_route=\/wp\/v2\/users\/2"}],"replies":[{"embeddable":true,"href":"https:\/\/elluchador.info\/index.php?rest_route=%2Fwp%2Fv2%2Fcomments&post=161047"}],"version-history":[{"count":1,"href":"https:\/\/elluchador.info\/index.php?rest_route=\/wp\/v2\/posts\/161047\/revisions"}],"predecessor-version":[{"id":161049,"href":"https:\/\/elluchador.info\/index.php?rest_route=\/wp\/v2\/posts\/161047\/revisions\/161049"}],"wp:featuredmedia":[{"embeddable":true,"href":"https:\/\/elluchador.info\/index.php?rest_route=\/wp\/v2\/media\/161048"}],"wp:attachment":[{"href":"https:\/\/elluchador.info\/index.php?rest_route=%2Fwp%2Fv2%2Fmedia&parent=161047"}],"wp:term":[{"taxonomy":"category","embeddable":true,"href":"https:\/\/elluchador.info\/index.php?rest_route=%2Fwp%2Fv2%2Fcategories&post=161047"},{"taxonomy":"post_tag","embeddable":true,"href":"https:\/\/elluchador.info\/index.php?rest_route=%2Fwp%2Fv2%2Ftags&post=161047"}],"curies":[{"name":"wp","href":"https:\/\/api.w.org\/{rel}","templated":true}]}}