{"id":161087,"date":"2020-02-15T11:00:30","date_gmt":"2020-02-15T15:00:30","guid":{"rendered":"https:\/\/elluchador.info\/web\/?p=161087"},"modified":"2020-02-15T08:44:48","modified_gmt":"2020-02-15T12:44:48","slug":"magistrado-boliviano-reafirma-ilegalidad-en-sucesion-de-anez","status":"publish","type":"post","link":"https:\/\/elluchador.info\/?p=161087","title":{"rendered":"Magistrado boliviano reafirma ilegalidad en sucesi\u00f3n de \u00c1\u00f1ez"},"content":{"rendered":"\n<p>El&nbsp;magistrado&nbsp;del Tribunal Constitucional Plurinacional (TCP) de&nbsp;Bolivia, Petronilo Flores, reafirm\u00f3 que el&nbsp;comunicado&nbsp;por el cual se aval\u00f3 la&nbsp;sucesi\u00f3n&nbsp;del Gobierno de facto de&nbsp;Jeanine \u00c1\u00f1ez, el pasado 12 de noviembre tras el&nbsp;golpe de Estado&nbsp;contra Evo Morales, es&nbsp;ilegal.<\/p>\n\n\n\n<p>\u201cNo tiene valor legal y no es vinculante\u201d, se\u00f1al\u00f3 Flores al ser consultado por miembros de la Comisi\u00f3n de Justicia Plural, el Ministerio P\u00fablico y de Defensa de la C\u00e1mara de Diputados de Bolivia.<\/p>\n\n\n\n<p>El funcionario puntualiz\u00f3 que el C\u00f3digo Procesal Constitucional boliviano solo reconoce como vinculante las sentencias, declaraciones&nbsp;y los autos constitucionales, por lo que el comunicado sobre la sucesi\u00f3n no tiene ninguna relevancia jur\u00eddica.<\/p>\n\n\n\n<p>Ante dicha aclaraci\u00f3n, el expresidente Evo Morales&nbsp;record\u00f3 que. tras el golpe de Estado, denunciaron la acci\u00f3n inconstitucional que se desarroll\u00f3 en Bolivia y que, ahora, la ilegalidad est\u00e1 comprobada.<\/p>\n\n\n\n<p>El pasado 12 de noviembre, el TCP emiti\u00f3 el referido\u00a0comunicado en el cual\u00a0declar\u00f3\u00a0la manera de asumir la sucesi\u00f3n presidencial en Bolivia, y que \u00c1\u00f1ez\u00a0tom\u00f3 como supuesto respaldo legal para autoproclamarse mandataria. UN<\/p>\n","protected":false},"excerpt":{"rendered":"<p>El&nbsp;magistrado&nbsp;del Tribunal Constitucional Plurinacional (TCP) de&nbsp;Bolivia, Petronilo Flores, reafirm\u00f3 que el&nbsp;comunicado&nbsp;por el cual se aval\u00f3 la&nbsp;sucesi\u00f3n&nbsp;del Gobierno de facto de&nbsp;Jeanine \u00c1\u00f1ez, el pasado 12 de noviembre tras el&nbsp;golpe de Estado&nbsp;contra Evo Morales, es&nbsp;ilegal. \u201cNo tiene valor legal y no es vinculante\u201d, se\u00f1al\u00f3 Flores al ser consultado por miembros de la Comisi\u00f3n de Justicia Plural, el [&hellip;]<\/p>\n","protected":false},"author":2,"featured_media":161088,"comment_status":"closed","ping_status":"closed","sticky":false,"template":"","format":"standard","meta":{"footnotes":""},"categories":[8],"tags":[],"class_list":{"0":"post-161087","1":"post","2":"type-post","3":"status-publish","4":"format-standard","5":"has-post-thumbnail","7":"category-internacionales"},"_links":{"self":[{"href":"https:\/\/elluchador.info\/index.php?rest_route=\/wp\/v2\/posts\/161087","targetHints":{"allow":["GET"]}}],"collection":[{"href":"https:\/\/elluchador.info\/index.php?rest_route=\/wp\/v2\/posts"}],"about":[{"href":"https:\/\/elluchador.info\/index.php?rest_route=\/wp\/v2\/types\/post"}],"author":[{"embeddable":true,"href":"https:\/\/elluchador.info\/index.php?rest_route=\/wp\/v2\/users\/2"}],"replies":[{"embeddable":true,"href":"https:\/\/elluchador.info\/index.php?rest_route=%2Fwp%2Fv2%2Fcomments&post=161087"}],"version-history":[{"count":1,"href":"https:\/\/elluchador.info\/index.php?rest_route=\/wp\/v2\/posts\/161087\/revisions"}],"predecessor-version":[{"id":161089,"href":"https:\/\/elluchador.info\/index.php?rest_route=\/wp\/v2\/posts\/161087\/revisions\/161089"}],"wp:featuredmedia":[{"embeddable":true,"href":"https:\/\/elluchador.info\/index.php?rest_route=\/wp\/v2\/media\/161088"}],"wp:attachment":[{"href":"https:\/\/elluchador.info\/index.php?rest_route=%2Fwp%2Fv2%2Fmedia&parent=161087"}],"wp:term":[{"taxonomy":"category","embeddable":true,"href":"https:\/\/elluchador.info\/index.php?rest_route=%2Fwp%2Fv2%2Fcategories&post=161087"},{"taxonomy":"post_tag","embeddable":true,"href":"https:\/\/elluchador.info\/index.php?rest_route=%2Fwp%2Fv2%2Ftags&post=161087"}],"curies":[{"name":"wp","href":"https:\/\/api.w.org\/{rel}","templated":true}]}}