{"id":161140,"date":"2020-02-15T16:56:01","date_gmt":"2020-02-15T20:56:01","guid":{"rendered":"https:\/\/elluchador.info\/web\/?p=161140"},"modified":"2020-02-15T12:05:16","modified_gmt":"2020-02-15T16:05:16","slug":"union-europea-debatira-como-relanzar-el-proceso-de-dialogo-en-venezuela","status":"publish","type":"post","link":"https:\/\/elluchador.info\/?p=161140","title":{"rendered":"Uni\u00f3n Europea debatir\u00e1 c\u00f3mo relanzar el proceso de di\u00e1logo en Venezuela"},"content":{"rendered":"\n<p>La Uni\u00f3n Europea (UE) debatir\u00e1 este lunes c\u00f3mo relanzar el proceso de di\u00e1logo en Venezuela, en procura de la convocatoria de elecciones libres como parte de los esfuerzos del Grupo de Contacto Internacional.<\/p>\n\n\n\n<p>En el Consejo de Asuntos Exteriores (CAE), Espa\u00f1a y otras naciones quieren reactivar ese foro y que celebre una reuni\u00f3n ministerial en unas semanas, as\u00ed como que puedan ingresar m\u00e1s pa\u00edses latinoamericanos.<\/p>\n\n\n\n<p>En la \u00faltima reuni\u00f3n del CAE, la ministra de Exteriores, Arancha Gonz\u00e1lez Laya, ofreci\u00f3 que Madrid fuera sede de un pr\u00f3ximo encuentro, y su hom\u00f3logo de Pa\u00edses Bajos tambi\u00e9n se interes\u00f3 por el Grupo de Contacto.<\/p>\n\n\n\n<p>La actualidad de Venezuela se discutir\u00e1 a petici\u00f3n del alto representante de Pol\u00edtica Exterior y de Seguridad Com\u00fan de la Uni\u00f3n Europea, Josep Borrell, que quiere exponer sus contactos y el inter\u00e9s de varios Estados por reactivar el Grupo de Contacto.<\/p>\n\n\n\n<p>Los Veintisiete abordar\u00e1n tambi\u00e9n los \u00faltimos acontecimientos en Venezuela y la gira internacional del presidente de la Asamblea Nacional (AN), Juan Guaid\u00f3.<\/p>\n\n\n\n<p>Las fuentes consultadas descartaron que se vaya a debatir el paso de la vicepresidenta de Nicol\u00e1s Maduro, Delcy Rodr\u00edguez, por el aeropuerto de Barajas.<\/p>\n\n\n\n<p>Insistieron en que nadie en Bruselas pregunt\u00f3 a Espa\u00f1a por ese caso. Ni siquiera de manera informal en los pasillos de las instituciones. As\u00ed, defienden que el gobierno no notific\u00f3 nada a los veintisiete sobre esta crisis porque \u00abno se produjo ninguna violaci\u00f3n de las sanciones de la UE\u00bb. Diario 2001<\/p>\n","protected":false},"excerpt":{"rendered":"<p>La Uni\u00f3n Europea (UE) debatir\u00e1 este lunes c\u00f3mo relanzar el proceso de di\u00e1logo en Venezuela, en procura de la convocatoria de elecciones libres como parte de los esfuerzos del Grupo de Contacto Internacional. En el Consejo de Asuntos Exteriores (CAE), Espa\u00f1a y otras naciones quieren reactivar ese foro y que celebre una reuni\u00f3n ministerial en [&hellip;]<\/p>\n","protected":false},"author":2,"featured_media":161142,"comment_status":"closed","ping_status":"closed","sticky":false,"template":"","format":"standard","meta":{"footnotes":""},"categories":[8],"tags":[],"class_list":{"0":"post-161140","1":"post","2":"type-post","3":"status-publish","4":"format-standard","5":"has-post-thumbnail","7":"category-internacionales"},"_links":{"self":[{"href":"https:\/\/elluchador.info\/index.php?rest_route=\/wp\/v2\/posts\/161140","targetHints":{"allow":["GET"]}}],"collection":[{"href":"https:\/\/elluchador.info\/index.php?rest_route=\/wp\/v2\/posts"}],"about":[{"href":"https:\/\/elluchador.info\/index.php?rest_route=\/wp\/v2\/types\/post"}],"author":[{"embeddable":true,"href":"https:\/\/elluchador.info\/index.php?rest_route=\/wp\/v2\/users\/2"}],"replies":[{"embeddable":true,"href":"https:\/\/elluchador.info\/index.php?rest_route=%2Fwp%2Fv2%2Fcomments&post=161140"}],"version-history":[{"count":1,"href":"https:\/\/elluchador.info\/index.php?rest_route=\/wp\/v2\/posts\/161140\/revisions"}],"predecessor-version":[{"id":161143,"href":"https:\/\/elluchador.info\/index.php?rest_route=\/wp\/v2\/posts\/161140\/revisions\/161143"}],"wp:featuredmedia":[{"embeddable":true,"href":"https:\/\/elluchador.info\/index.php?rest_route=\/wp\/v2\/media\/161142"}],"wp:attachment":[{"href":"https:\/\/elluchador.info\/index.php?rest_route=%2Fwp%2Fv2%2Fmedia&parent=161140"}],"wp:term":[{"taxonomy":"category","embeddable":true,"href":"https:\/\/elluchador.info\/index.php?rest_route=%2Fwp%2Fv2%2Fcategories&post=161140"},{"taxonomy":"post_tag","embeddable":true,"href":"https:\/\/elluchador.info\/index.php?rest_route=%2Fwp%2Fv2%2Ftags&post=161140"}],"curies":[{"name":"wp","href":"https:\/\/api.w.org\/{rel}","templated":true}]}}